{"id":845,"date":"2023-06-22T10:22:24","date_gmt":"2023-06-22T08:22:24","guid":{"rendered":"https:\/\/gfima.es\/?p=845"},"modified":"2025-02-21T12:47:28","modified_gmt":"2025-02-21T11:47:28","slug":"defectos-de-construccion-en-obra-nueva-plazos-y-forma-de-reclamarlos","status":"publish","type":"post","link":"https:\/\/www.gfima.es\/?p=845","title":{"rendered":"Defectos de construcci\u00f3n en obra nueva: plazos y forma de reclamarlos"},"content":{"rendered":"\n<p>En ocasiones, el comprador de una vivienda de obra nueva puede encontrarse con defectos o vicios de construcci\u00f3n. Carmen Gim\u00e9nez, abogada titular del despacho&nbsp;<a href=\"https:\/\/carmengimenez.gandgabogados.es\/\">G&amp;G Abogados&nbsp;<\/a>se\u00f1ala los tipos de defectos de construcci\u00f3n que hay contemplados en la normativa espa\u00f1ola, como los relacionados con los acabados o la habitabilidad, los plazos y forma para reclamarlos.<\/p>\n\n\n\n<h2 class=\"wp-block-heading\"><strong>Defectos de construcci\u00f3n. \u00bfQu\u00e9 significa y cu\u00e1l es su denominaci\u00f3n correcta?<\/strong><\/h2>\n\n\n\n<p>Aunque el lenguaje jur\u00eddico, en muchas ocasiones, resulta de dif\u00edcil comprensi\u00f3n por las personas que no se dedican al \u00e1mbito del Derecho, en esta ocasi\u00f3n, primero a trav\u00e9s del C\u00f3digo Civil de 1888, y despu\u00e9s, a trav\u00e9s de la LOE de 1999, los t\u00e9rminos recogidos por los legisladores son de una claridad y transparencia cristalina, entendible no solo por cualquier persona \u201catenta y perspicaz\u201d, sino por todas las personas, sin limitaci\u00f3n alguna.<\/p>\n\n\n\n<p>As\u00ed, encontramos, en el art\u00edculo 1591 del C\u00f3digo Civil que habla de \u201c<strong>vicios de construcci\u00f3n<\/strong>\u201d, y la LOE que menciona expresamente \u201c<strong>defectos de construcci\u00f3n<\/strong>\u201d, siendo que ambos t\u00e9rminos se refieren a&nbsp;<strong>problemas, desperfectos o irregularidades detectados, durante determinados tiempos, en la vivienda o inmueble recientemente construido<\/strong>&nbsp;y entregado a su propietario, quien previamente la ha comprado.<\/p>\n\n\n\n<p>No obstante, ello, y&nbsp;<strong>a pesar de la claridad del t\u00e9rmino<\/strong>, de f\u00e1cil comprensi\u00f3n y al alcance de cualquier persona<strong>; muchos de los agentes intervinientes en la construcci\u00f3n<\/strong>, fundamentalmente las promotoras, se empe\u00f1an en denominar los defectos de construcci\u00f3n, como \u201c<strong>incidencias<\/strong>\u201d, lo que parece obedecer a un&nbsp;<strong>lenguaje persuasivo<\/strong>&nbsp;m\u00e1s que a otra cosa.<\/p>\n\n\n\n<p>Y as\u00ed, siendo la definici\u00f3n de incidencia facilitada por la RAE, como un acontecimiento que sobreviene en el curso de un negocio o asunto y que tiene conexi\u00f3n con \u00e9l; dif\u00edcilmente puede tener identidad dicho t\u00e9rmino o vocablo con lo que es un defecto de construcci\u00f3n, los que ser\u00e1n posteriormente definidos.<\/p>\n\n\n\n<p>Y tan persuasivo llega a ser ese lenguaje que, tras escucharlo en numerosas ocasiones, incluso los propios Arquitectos y\/o T\u00e9cnicos, llegan a emplear dicho t\u00e9rmino, en sus informes periciales, redactados precisamente para ejercer las reclamaciones contra los agentes intervinientes, por vicios o defectos de construcci\u00f3n.<\/p>\n\n\n\n<p>Por tanto, siendo el castellano una lengua tan rica, y habiendo tenido el lujo de que los legisladores han recogido los t\u00e9rminos que se encuentran al alcance de cualquiera,&nbsp;<strong>llamemos a las cosas por su nombre: vicios o defectos de construcci\u00f3n.<\/strong><\/p>\n\n\n\n<h2 class=\"wp-block-heading\"><strong>Tipos de defectos de construcci\u00f3n<\/strong><\/h2>\n\n\n\n<p>Los tipos de defectos de construcci\u00f3n contemplados en la Ley, son los siguientes:<\/p>\n\n\n\n<ol class=\"wp-block-list\">\n<li><strong>Defectos de acabado<\/strong>. Son&nbsp;<strong>los m\u00e1s comunes y habituales<\/strong>, y son da\u00f1os materiales que se producen como consecuencia de la ejecuci\u00f3n de la obra y que afectan a la terminaci\u00f3n o remates. Como claros ejemplos, podemos citar: carpinter\u00eda desconchada o ara\u00f1ada, salpicaduras, con rotura de material, en suelo, mala ejecuci\u00f3n en pintura (rodales, manchas, ondas en paredes, falta de pintura), peque\u00f1as zonas sin recibir la cimentaci\u00f3n y sellado\u2026. Es decir, se trata de defectos que se pueden apreciar a simple vista.<\/li>\n\n\n\n<li><strong>Defectos de habitabilidad.&nbsp;<\/strong>Se trata de&nbsp;<strong>defectos graves<\/strong>, y seg\u00fan las normas reglamentarias, son aquellos que no garanticen:<\/li>\n<\/ol>\n\n\n\n<ul class=\"wp-block-list\">\n<li>La higiene, salud y protecci\u00f3n del medio ambiente.<\/li>\n\n\n\n<li>La&nbsp;<strong>protecci\u00f3n contra el ruido.<\/strong><\/li>\n\n\n\n<li>El&nbsp;<strong>ahorro de energ\u00eda y aislamiento t\u00e9rmico<\/strong>.<\/li>\n\n\n\n<li>Otros aspectos funcionales constructivos o de las instalaciones que permitan un uso satisfactorio del edificio.<\/li>\n<\/ul>\n\n\n\n<ol class=\"wp-block-list\" start=\"3\">\n<li><strong>&nbsp;Defectos relativos a la estabilidad y seguridad estructural del edificio.<\/strong>&nbsp;Son los&nbsp;<strong>defectos m\u00e1s graves<\/strong>&nbsp;que puede tener una construcci\u00f3n, que puede llegar a desembocar en consecuencias fatales, como puede ser la declaraci\u00f3n de ruina del propio edificio.<\/li>\n<\/ol>\n\n\n\n<p>Se trata de da\u00f1os que comprometen la resistencia y estabilidad del edificio, ya que afectan a cimentaci\u00f3n, elementos estructurales, vigas, forjados, y muros de carga.<\/p>\n\n\n\n<p>Definidos y clasificados, de esta manera, los defectos de construcci\u00f3n, por la vigente Ley de Ordenaci\u00f3n de la Edificaci\u00f3n, no es preciso entrar en detalles sobre la definici\u00f3n dada por nuestro C\u00f3digo Civil en el art\u00edculo 1591, el que todav\u00eda se encuentra vigente, denominando a todos, en general, como \u201cvicios de construcci\u00f3n\u201d.<\/p>\n\n\n\n<h2 class=\"wp-block-heading\"><strong>Plazos para la reclamaci\u00f3n de los defectos de construcci\u00f3n<\/strong><\/h2>\n\n\n\n<p>De conformidad con lo establecido por la Ley de Ordenaci\u00f3n de la Edificaci\u00f3n (LOE), la garant\u00eda de los defectos de construcci\u00f3n, y los plazos para reclamarlos o demandar judicialmente, son distintos, dependiendo de cada una de las categor\u00edas definidas anteriormente.<\/p>\n\n\n\n<p>Y, as\u00ed, se establecen los siguientes plazos, para los diferentes defectos de construcci\u00f3n:<\/p>\n\n\n\n<ol class=\"wp-block-list\">\n<li><strong>Defectos de acabado:&nbsp;<\/strong>Plazo de garant\u00eda, 1 a\u00f1o. Plazo de reclamaci\u00f3n y de interposici\u00f3n de la demanda judicial, 2 a\u00f1os.<\/li>\n\n\n\n<li><strong>Defectos que afectan a la habitabilidad:&nbsp;<\/strong>Plazo de garant\u00eda 3 a\u00f1os. Plazo de reclamaci\u00f3n y de interposici\u00f3n de la demanda judicial, 2 a\u00f1os.<\/li>\n\n\n\n<li><strong>Defectos que afectan la estabilidad y seguridad estructural del edificio.&nbsp;<\/strong>Plazo de garant\u00eda, 10 a\u00f1os (previsto en la LOE y en el art\u00edculo 1591 del C\u00f3digo Civil). Plazo de reclamaci\u00f3n y de interposici\u00f3n de la demanda judicial, 2 a\u00f1os.<\/li>\n<\/ol>\n\n\n\n<h3 class=\"wp-block-heading\"><strong>Las diferencias<\/strong>&nbsp;entre los plazos de garant\u00eda y los plazos de prescripci\u00f3n<\/h3>\n\n\n\n<p>Los plazos&nbsp;<strong>de garant\u00eda no se pueden interrumpir<\/strong>, son los que marca la ley.<\/p>\n\n\n\n<p>Los&nbsp;<strong>plazos de prescripci\u00f3n<\/strong>&nbsp;(o plazos para ejercer los derechos de reclamaci\u00f3n e interposici\u00f3n de la demanda judicial)&nbsp;<strong>pueden ser interrumpidos<\/strong>&nbsp;\u201cpor cualquier medio que deje constancia en derecho\u201d.<\/p>\n\n\n\n<p>De manera que, detectado el defecto de construcci\u00f3n, dentro del plazo de garant\u00eda, si se procede a comunicarlo y a reclamar su reparaci\u00f3n, queda interrumpido el plazo de prescripci\u00f3n para la interposici\u00f3n de la demanda judicial,&nbsp;<strong>el que volver\u00e1 a computarse de manera \u00edntegra desde esta \u00faltima reclamaci\u00f3n realizada<\/strong>. El plazo general de 2 a\u00f1os de prescripci\u00f3n, establecido por la LOE para la formalizaci\u00f3n de la demanda judicial, empezar\u00eda a contar de nuevo, en su totalidad, desde que se comunique el defecto y se exija su reparaci\u00f3n.<\/p>\n\n\n\n<p>Ve\u00e1moslo con un ejemplo: se detecta un defecto de acabado dentro del plazo de garant\u00eda establecido por la LOE (en este caso, y para este tipo de defectos, el plazo de garant\u00eda es de un a\u00f1o), y se procede a comunicarlo y a reclamar su reparaci\u00f3n a la promotora y\/o constructora (para lo que es recomendable, otorgarles un plazo o fecha l\u00edmite para dicha reparaci\u00f3n). Si transcurrido el plazo que le hemos dado para reparar, no lo ejecuta, bien podremos interponer la demanda judicial, antes de que transcurran los dos a\u00f1os desde que hicimos la reclamaci\u00f3n, o bien podremos proceder a realizar una nueva reclamaci\u00f3n, interrumpiendo nuevamente ese plazo; por lo que los dos a\u00f1os para la interposici\u00f3n de la demanda judicial, volver\u00edan a contarse desde esta \u00faltima reclamaci\u00f3n.<br><br>&nbsp;<\/p>\n\n\n\n<h3 class=\"wp-block-heading\">\u00bfA partir de qu\u00e9 momento empiezan a contarse los plazos de garant\u00eda y de prescripci\u00f3n?<\/h3>\n\n\n\n<p>Dice la LOE que&nbsp;<strong>los plazos de garant\u00eda<\/strong>&nbsp;se habr\u00e1n de computar, o de contar, no desde que nos entregan la posesi\u00f3n de la vivienda, que coincide con la fecha en la que firmamos la escritura p\u00fablica de compraventa, sino&nbsp;<strong>desde el acta de recepci\u00f3n de obras<\/strong>&nbsp;que firman promotora, constructora y t\u00e9cnicos.<\/p>\n\n\n\n<p>Y es en este punto donde surgen muchas&nbsp;<strong>dudas<\/strong>&nbsp;a los compradores de viviendas de obra nueva, pero que todas tienen sus respuestas:<\/p>\n\n\n\n<ol class=\"wp-block-list\">\n<li><strong>\u00bfC\u00f3mo tiene conocimiento un comprador de vivienda nueva de la fecha del acta de recepci\u00f3n de obras?.<\/strong>&nbsp;Es muy frecuente y habitual que, el promotor, que normalmente se relaciona con particulares -consumidores- que adquieren las viviendas, sea poco transparente, y no deje constancia en la escritura de cu\u00e1l haya sido la fecha del acta de recepci\u00f3n de obras; por lo que, detectado el defecto de construcci\u00f3n que corresponda, en la misma reclamaci\u00f3n que se le haga, habr\u00e1 de&nbsp;<strong>exig\u00edrsele que informe de dicha fecha<\/strong>.<\/li>\n\n\n\n<li><strong>\u00bfY si resulta que he comprado y, a la fecha de la firma de la escritura, ya ha transcurrido el plazo de garant\u00eda de un a\u00f1o para los defectos de acabado, no puedo reclamarlos?.&nbsp;<\/strong>Si, por supuesto que se podr\u00e1n reclamar. En este caso la reclamaci\u00f3n (que sirve para la totalidad de los defectos enumerados), va dirigida por C\u00f3digo Civil, concretamente por&nbsp;<strong>incumplimiento contractual<\/strong>,&nbsp;<strong>siendo el plazo de prescripci\u00f3n<\/strong>&nbsp;(de los que se pueden interrumpir)&nbsp;<strong>de cinco a\u00f1os.<\/strong><\/li>\n<\/ol>\n\n\n\n<p>Y f\u00edjense muy bien en lo que se aclara en este punto concreto, y del&nbsp;<strong>plazo de cinco a\u00f1os<\/strong>, porque es muy usual que,<strong>&nbsp;las promotoras, faciliten en un documento un plazo de garant\u00eda extra de unos meses&nbsp;<\/strong>(1 o 3 meses), porque ya ha pasado el a\u00f1o de garant\u00eda para los defectos m\u00e1s comunes, que son los de acabado o terminaci\u00f3n.<\/p>\n\n\n\n<p>Olv\u00eddense, de nuevo, de esta estrategia persuasiva de las promotoras, son plazos no regulados legalmente e inventados por ellas, para eludir la reparaci\u00f3n de los defectos de acabado o terminaci\u00f3n.<\/p>\n\n\n\n<p>Recuerden, su plazo, es de&nbsp;<strong>cinco a\u00f1os, por incumplimiento contractual<\/strong>.<\/p>\n\n\n\n<p>Y sobre los&nbsp;<strong>plazos de prescripci\u00f3n para demandar<\/strong>, no siendo la doctrina pac\u00edfica, voy a ser conservadora en su determinaci\u00f3n, con el fin de que nadie pueda salir perjudicado a la hora de reclamar los derechos que le asisten:&nbsp;<strong>se han de empezar a contar desde la fecha en que se detecta el defecto de construcci\u00f3n y se pone en conocimiento<\/strong>&nbsp;de la promotora\/constructora\/arquitecto\/aparejador; y siempre teniendo en cuenta que, cualquiera de los plazos de prescripci\u00f3n previstos (2 \u00f3 5 a\u00f1os), puede ser interrumpidos, y volver a contarse desde su inicio, a partir de dicha interrupci\u00f3n.<\/p>\n\n\n\n<p>Por tanto, y a la vista de lo anterior,&nbsp;<strong>no resulta en modo alguno incompatible<\/strong>, reclamar por v\u00eda judicial, bien a trav\u00e9s de lo previsto en la&nbsp;<strong>Ley de Ordenaci\u00f3n de la Edificaci\u00f3n<\/strong>, y en virtud de los plazos de garant\u00eda y de prescripci\u00f3n regulados; o bien a trav\u00e9s de la figura del&nbsp;<strong>incumplimiento contractual&nbsp;<\/strong>regulada en nuestro C\u00f3digo Civil, para lo que hay un plazo, en este \u00faltimo caso, de cinco a\u00f1os.<\/p>\n\n\n\n<div class=\"wp-block-columns is-layout-flex wp-container-core-columns-is-layout-28f84493 wp-block-columns-is-layout-flex\">\n<div class=\"wp-block-column is-layout-flow wp-block-column-is-layout-flow\" style=\"flex-basis:25%\"><\/div>\n\n\n\n<div class=\"wp-block-column is-layout-flow wp-block-column-is-layout-flow\" style=\"flex-basis:50%\">\n<figure class=\"wp-block-image size-large\"><img fetchpriority=\"high\" decoding=\"async\" width=\"1024\" height=\"768\" src=\"https:\/\/gfima.es\/wp-content\/uploads\/2023\/06\/3f7a5c4d-31c8-4479-b157-549de73f1f4e-1024x768.jpg\" alt=\"\" class=\"wp-image-846\" srcset=\"https:\/\/www.gfima.es\/wp-content\/uploads\/2023\/06\/3f7a5c4d-31c8-4479-b157-549de73f1f4e-1024x768.jpg 1024w, https:\/\/www.gfima.es\/wp-content\/uploads\/2023\/06\/3f7a5c4d-31c8-4479-b157-549de73f1f4e-300x225.jpg 300w, https:\/\/www.gfima.es\/wp-content\/uploads\/2023\/06\/3f7a5c4d-31c8-4479-b157-549de73f1f4e-768x576.jpg 768w, https:\/\/www.gfima.es\/wp-content\/uploads\/2023\/06\/3f7a5c4d-31c8-4479-b157-549de73f1f4e.jpg 1200w\" sizes=\"(max-width: 1024px) 100vw, 1024px\" \/><\/figure>\n<\/div>\n\n\n\n<div class=\"wp-block-column is-layout-flow wp-block-column-is-layout-flow\" style=\"flex-basis:25%\"><\/div>\n<\/div>\n\n\n\n<h2 class=\"wp-block-heading\"><strong>\u00bfQui\u00e9nes son los agentes intervinientes en una promoci\u00f3n inmobiliaria?<\/strong><\/h2>\n\n\n\n<p>Son muchos los agentes que intervienen para que una promoci\u00f3n inmobiliaria se lleve a cabo, pero vamos a mencionar a los fundamentales, compar\u00e1ndolos, para su mejor comprensi\u00f3n -sobre todo para los cin\u00e9filos-, con los intervinientes en una pel\u00edcula.<\/p>\n\n\n\n<ul class=\"wp-block-list\">\n<li>Promotor (o Productor en cine), es quien invierte econ\u00f3micamente en la promoci\u00f3n, y habitualmente, el due\u00f1o del solar donde se va a hacer la edificaci\u00f3n. Es quien, a la vez, tiene el contacto directo con los compradores.<\/li>\n\n\n\n<li>Arquitecto (o director de la pel\u00edcula), es quien, conjuntamente con el promotor, dise\u00f1a el edificio y sus instalaciones, y dirige, bajo su supervisi\u00f3n, la ejecuci\u00f3n de la obra, hasta su finalizaci\u00f3n.<\/li>\n\n\n\n<li>Aparejador (Ayudante de Direcci\u00f3n en cine).<\/li>\n\n\n\n<li>Constructora (actores), o agentes que ejecutan materialmente la obra.<\/li>\n<\/ul>\n\n\n\n<h2 class=\"wp-block-heading\"><strong>\u00bfQui\u00e9n es responsable de los defectos de construcci\u00f3n, y contra qui\u00e9n reclamar?<\/strong><\/h2>\n\n\n\n<p>Dependiendo de la categor\u00eda del defecto que sea, seg\u00fan la clasificaci\u00f3n vista anteriormente, tenemos los siguientes supuestos:<\/p>\n\n\n\n<ol class=\"wp-block-list\">\n<li><strong>Defectos de acabado o terminaci\u00f3n<\/strong>. Responsables contra quienes han de dirigirse las reclamaciones de&nbsp;<strong>manera conjunta y solidaria<\/strong>: promotora y constructora.<\/li>\n\n\n\n<li><strong>Defectos que afectan a la habitabilidad<\/strong>. Responsables contra quienes han de dirigirse las reclamaciones de&nbsp;<strong>manera conjunta y solidaria<\/strong>: promotora, constructora, Arquitecto y Aparejador.<\/li>\n\n\n\n<li><strong>Defectos que comprometen la estabilidad y\/o estructura del edificio<\/strong>. Responsables contra quienes han de dirigirse las reclamaciones de&nbsp;<strong>manera conjunta y solidaria<\/strong>: promotora, constructora, Arquitecto y Aparejador.<\/li>\n<\/ol>\n","protected":false},"excerpt":{"rendered":"<p>En ocasiones, el comprador de una vivienda de obra nueva puede encontrarse con defectos o vicios de construcci\u00f3n. Carmen Gim\u00e9nez, abogada titular del despacho&nbsp;G&amp;G Abogados&nbsp;se\u00f1ala los tipos de defectos de construcci\u00f3n que hay contemplados en la normativa espa\u00f1ola, como los relacionados con los acabados o la habitabilidad, los plazos y forma para reclamarlos. Defectos de [&hellip;]<\/p>\n","protected":false},"author":3,"featured_media":847,"comment_status":"closed","ping_status":"open","sticky":false,"template":"","format":"standard","meta":{"site-sidebar-layout":"default","site-content-layout":"","ast-site-content-layout":"default","site-content-style":"default","site-sidebar-style":"default","ast-global-header-display":"","ast-banner-title-visibility":"","ast-main-header-display":"","ast-hfb-above-header-display":"","ast-hfb-below-header-display":"","ast-hfb-mobile-header-display":"","site-post-title":"","ast-breadcrumbs-content":"","ast-featured-img":"","footer-sml-layout":"","ast-disable-related-posts":"","theme-transparent-header-meta":"","adv-header-id-meta":"","stick-header-meta":"","header-above-stick-meta":"","header-main-stick-meta":"","header-below-stick-meta":"","astra-migrate-meta-layouts":"default","ast-page-background-enabled":"default","ast-page-background-meta":{"desktop":{"background-color":"var(--ast-global-color-4)","background-image":"","background-repeat":"repeat","background-position":"center center","background-size":"auto","background-attachment":"scroll","background-type":"","background-media":"","overlay-type":"","overlay-color":"","overlay-opacity":"","overlay-gradient":""},"tablet":{"background-color":"","background-image":"","background-repeat":"repeat","background-position":"center center","background-size":"auto","background-attachment":"scroll","background-type":"","background-media":"","overlay-type":"","overlay-color":"","overlay-opacity":"","overlay-gradient":""},"mobile":{"background-color":"","background-image":"","background-repeat":"repeat","background-position":"center center","background-size":"auto","background-attachment":"scroll","background-type":"","background-media":"","overlay-type":"","overlay-color":"","overlay-opacity":"","overlay-gradient":""}},"ast-content-background-meta":{"desktop":{"background-color":"var(--ast-global-color-5)","background-image":"","background-repeat":"repeat","background-position":"center center","background-size":"auto","background-attachment":"scroll","background-type":"","background-media":"","overlay-type":"","overlay-color":"","overlay-opacity":"","overlay-gradient":""},"tablet":{"background-color":"var(--ast-global-color-5)","background-image":"","background-repeat":"repeat","background-position":"center center","background-size":"auto","background-attachment":"scroll","background-type":"","background-media":"","overlay-type":"","overlay-color":"","overlay-opacity":"","overlay-gradient":""},"mobile":{"background-color":"var(--ast-global-color-5)","background-image":"","background-repeat":"repeat","background-position":"center center","background-size":"auto","background-attachment":"scroll","background-type":"","background-media":"","overlay-type":"","overlay-color":"","overlay-opacity":"","overlay-gradient":""}},"_joinchat":[],"footnotes":""},"categories":[22,1,19],"tags":[],"class_list":["post-845","post","type-post","status-publish","format-standard","has-post-thumbnail","hentry","category-comprador","category-sin-categoria","category-tu-hogar"],"yoast_head":"<!-- This site is optimized with the Yoast SEO plugin v27.5 - https:\/\/yoast.com\/product\/yoast-seo-wordpress\/ -->\n<title>Defectos de construcci\u00f3n en obra nueva: plazos y forma de reclamarlos - Gfima<\/title>\n<meta name=\"robots\" content=\"index, follow, max-snippet:-1, max-image-preview:large, max-video-preview:-1\" \/>\n<link rel=\"canonical\" href=\"https:\/\/www.gfima.es\/?p=845\" \/>\n<meta property=\"og:locale\" content=\"es_ES\" \/>\n<meta property=\"og:type\" content=\"article\" \/>\n<meta property=\"og:title\" content=\"Defectos de construcci\u00f3n en obra nueva: plazos y forma de reclamarlos - Gfima\" \/>\n<meta property=\"og:description\" content=\"En ocasiones, el comprador de una vivienda de obra nueva puede encontrarse con defectos o vicios de construcci\u00f3n. Carmen Gim\u00e9nez, abogada titular del despacho&nbsp;G&amp;G Abogados&nbsp;se\u00f1ala los tipos de defectos de construcci\u00f3n que hay contemplados en la normativa espa\u00f1ola, como los relacionados con los acabados o la habitabilidad, los plazos y forma para reclamarlos. Defectos de [&hellip;]\" \/>\n<meta property=\"og:url\" content=\"https:\/\/www.gfima.es\/?p=845\" \/>\n<meta property=\"og:site_name\" content=\"Gfima\" \/>\n<meta property=\"article:publisher\" content=\"https:\/\/www.facebook.com\/GfimaInmobiliaria\" \/>\n<meta property=\"article:published_time\" content=\"2023-06-22T08:22:24+00:00\" \/>\n<meta property=\"article:modified_time\" content=\"2025-02-21T11:47:28+00:00\" \/>\n<meta property=\"og:image\" content=\"https:\/\/www.gfima.es\/wp-content\/uploads\/2023\/06\/noticia_200120231114.jpg\" \/>\n\t<meta property=\"og:image:width\" content=\"284\" \/>\n\t<meta property=\"og:image:height\" content=\"177\" \/>\n\t<meta property=\"og:image:type\" content=\"image\/jpeg\" \/>\n<meta name=\"author\" content=\"gfima\" \/>\n<meta name=\"twitter:card\" content=\"summary_large_image\" \/>\n<meta name=\"twitter:creator\" content=\"@teamhost\" \/>\n<meta name=\"twitter:label1\" content=\"Escrito por\" \/>\n\t<meta name=\"twitter:data1\" content=\"gfima\" \/>\n\t<meta name=\"twitter:label2\" content=\"Tiempo de lectura\" \/>\n\t<meta name=\"twitter:data2\" content=\"10 minutos\" \/>\n<script type=\"application\/ld+json\" class=\"yoast-schema-graph\">{\"@context\":\"https:\\\/\\\/schema.org\",\"@graph\":[{\"@type\":\"Article\",\"@id\":\"https:\\\/\\\/www.gfima.es\\\/?p=845#article\",\"isPartOf\":{\"@id\":\"https:\\\/\\\/www.gfima.es\\\/?p=845\"},\"author\":{\"name\":\"gfima\",\"@id\":\"https:\\\/\\\/www.gfima.es\\\/#\\\/schema\\\/person\\\/bed7acc555b4b94c632313b65701788b\"},\"headline\":\"Defectos de construcci\u00f3n en obra nueva: plazos y forma de reclamarlos\",\"datePublished\":\"2023-06-22T08:22:24+00:00\",\"dateModified\":\"2025-02-21T11:47:28+00:00\",\"mainEntityOfPage\":{\"@id\":\"https:\\\/\\\/www.gfima.es\\\/?p=845\"},\"wordCount\":2079,\"publisher\":{\"@id\":\"https:\\\/\\\/www.gfima.es\\\/#organization\"},\"image\":{\"@id\":\"https:\\\/\\\/www.gfima.es\\\/?p=845#primaryimage\"},\"thumbnailUrl\":\"https:\\\/\\\/www.gfima.es\\\/wp-content\\\/uploads\\\/2023\\\/06\\\/noticia_200120231114.jpg\",\"articleSection\":{\"0\":\"Comprador\",\"2\":\"Tu hogar\"},\"inLanguage\":\"es\"},{\"@type\":\"WebPage\",\"@id\":\"https:\\\/\\\/www.gfima.es\\\/?p=845\",\"url\":\"https:\\\/\\\/www.gfima.es\\\/?p=845\",\"name\":\"Defectos de construcci\u00f3n en obra nueva: plazos y forma de reclamarlos - Gfima\",\"isPartOf\":{\"@id\":\"https:\\\/\\\/www.gfima.es\\\/#website\"},\"primaryImageOfPage\":{\"@id\":\"https:\\\/\\\/www.gfima.es\\\/?p=845#primaryimage\"},\"image\":{\"@id\":\"https:\\\/\\\/www.gfima.es\\\/?p=845#primaryimage\"},\"thumbnailUrl\":\"https:\\\/\\\/www.gfima.es\\\/wp-content\\\/uploads\\\/2023\\\/06\\\/noticia_200120231114.jpg\",\"datePublished\":\"2023-06-22T08:22:24+00:00\",\"dateModified\":\"2025-02-21T11:47:28+00:00\",\"breadcrumb\":{\"@id\":\"https:\\\/\\\/www.gfima.es\\\/?p=845#breadcrumb\"},\"inLanguage\":\"es\",\"potentialAction\":[{\"@type\":\"ReadAction\",\"target\":[\"https:\\\/\\\/www.gfima.es\\\/?p=845\"]}]},{\"@type\":\"ImageObject\",\"inLanguage\":\"es\",\"@id\":\"https:\\\/\\\/www.gfima.es\\\/?p=845#primaryimage\",\"url\":\"https:\\\/\\\/www.gfima.es\\\/wp-content\\\/uploads\\\/2023\\\/06\\\/noticia_200120231114.jpg\",\"contentUrl\":\"https:\\\/\\\/www.gfima.es\\\/wp-content\\\/uploads\\\/2023\\\/06\\\/noticia_200120231114.jpg\",\"width\":284,\"height\":177},{\"@type\":\"BreadcrumbList\",\"@id\":\"https:\\\/\\\/www.gfima.es\\\/?p=845#breadcrumb\",\"itemListElement\":[{\"@type\":\"ListItem\",\"position\":1,\"name\":\"Portada\",\"item\":\"https:\\\/\\\/www.gfima.es\\\/\"},{\"@type\":\"ListItem\",\"position\":2,\"name\":\"Defectos de construcci\u00f3n en obra nueva: plazos y forma de reclamarlos\"}]},{\"@type\":\"WebSite\",\"@id\":\"https:\\\/\\\/www.gfima.es\\\/#website\",\"url\":\"https:\\\/\\\/www.gfima.es\\\/\",\"name\":\"Gfima\",\"description\":\"Agencia inmobiliaria\",\"publisher\":{\"@id\":\"https:\\\/\\\/www.gfima.es\\\/#organization\"},\"potentialAction\":[{\"@type\":\"SearchAction\",\"target\":{\"@type\":\"EntryPoint\",\"urlTemplate\":\"https:\\\/\\\/www.gfima.es\\\/?s={search_term_string}\"},\"query-input\":{\"@type\":\"PropertyValueSpecification\",\"valueRequired\":true,\"valueName\":\"search_term_string\"}}],\"inLanguage\":\"es\"},{\"@type\":\"Organization\",\"@id\":\"https:\\\/\\\/www.gfima.es\\\/#organization\",\"name\":\"Gfima inmobiliaria\",\"url\":\"https:\\\/\\\/www.gfima.es\\\/\",\"logo\":{\"@type\":\"ImageObject\",\"inLanguage\":\"es\",\"@id\":\"https:\\\/\\\/www.gfima.es\\\/#\\\/schema\\\/logo\\\/image\\\/\",\"url\":\"https:\\\/\\\/www.gfima.es\\\/wp-content\\\/uploads\\\/2023\\\/04\\\/LogoGfima.png\",\"contentUrl\":\"https:\\\/\\\/www.gfima.es\\\/wp-content\\\/uploads\\\/2023\\\/04\\\/LogoGfima.png\",\"width\":1630,\"height\":925,\"caption\":\"Gfima inmobiliaria\"},\"image\":{\"@id\":\"https:\\\/\\\/www.gfima.es\\\/#\\\/schema\\\/logo\\\/image\\\/\"},\"sameAs\":[\"https:\\\/\\\/www.facebook.com\\\/GfimaInmobiliaria\",\"https:\\\/\\\/www.instagram.com\\\/gfima_inmobiliaria\"]},{\"@type\":\"Person\",\"@id\":\"https:\\\/\\\/www.gfima.es\\\/#\\\/schema\\\/person\\\/bed7acc555b4b94c632313b65701788b\",\"name\":\"gfima\",\"image\":{\"@type\":\"ImageObject\",\"inLanguage\":\"es\",\"@id\":\"https:\\\/\\\/secure.gravatar.com\\\/avatar\\\/6ca37e63e5d1de57514ad0d3c170b2985e0db68fefd27e54d92deccc468070d8?s=96&d=mm&r=g\",\"url\":\"https:\\\/\\\/secure.gravatar.com\\\/avatar\\\/6ca37e63e5d1de57514ad0d3c170b2985e0db68fefd27e54d92deccc468070d8?s=96&d=mm&r=g\",\"contentUrl\":\"https:\\\/\\\/secure.gravatar.com\\\/avatar\\\/6ca37e63e5d1de57514ad0d3c170b2985e0db68fefd27e54d92deccc468070d8?s=96&d=mm&r=g\",\"caption\":\"gfima\"},\"sameAs\":[\"https:\\\/\\\/x.com\\\/teamhost\"],\"url\":\"https:\\\/\\\/www.gfima.es\\\/?author=3\"}]}<\/script>\n<!-- \/ Yoast SEO plugin. -->","yoast_head_json":{"title":"Defectos de construcci\u00f3n en obra nueva: plazos y forma de reclamarlos - Gfima","robots":{"index":"index","follow":"follow","max-snippet":"max-snippet:-1","max-image-preview":"max-image-preview:large","max-video-preview":"max-video-preview:-1"},"canonical":"https:\/\/www.gfima.es\/?p=845","og_locale":"es_ES","og_type":"article","og_title":"Defectos de construcci\u00f3n en obra nueva: plazos y forma de reclamarlos - Gfima","og_description":"En ocasiones, el comprador de una vivienda de obra nueva puede encontrarse con defectos o vicios de construcci\u00f3n. Carmen Gim\u00e9nez, abogada titular del despacho&nbsp;G&amp;G Abogados&nbsp;se\u00f1ala los tipos de defectos de construcci\u00f3n que hay contemplados en la normativa espa\u00f1ola, como los relacionados con los acabados o la habitabilidad, los plazos y forma para reclamarlos. Defectos de [&hellip;]","og_url":"https:\/\/www.gfima.es\/?p=845","og_site_name":"Gfima","article_publisher":"https:\/\/www.facebook.com\/GfimaInmobiliaria","article_published_time":"2023-06-22T08:22:24+00:00","article_modified_time":"2025-02-21T11:47:28+00:00","og_image":[{"width":284,"height":177,"url":"https:\/\/www.gfima.es\/wp-content\/uploads\/2023\/06\/noticia_200120231114.jpg","type":"image\/jpeg"}],"author":"gfima","twitter_card":"summary_large_image","twitter_creator":"@teamhost","twitter_misc":{"Escrito por":"gfima","Tiempo de lectura":"10 minutos"},"schema":{"@context":"https:\/\/schema.org","@graph":[{"@type":"Article","@id":"https:\/\/www.gfima.es\/?p=845#article","isPartOf":{"@id":"https:\/\/www.gfima.es\/?p=845"},"author":{"name":"gfima","@id":"https:\/\/www.gfima.es\/#\/schema\/person\/bed7acc555b4b94c632313b65701788b"},"headline":"Defectos de construcci\u00f3n en obra nueva: plazos y forma de reclamarlos","datePublished":"2023-06-22T08:22:24+00:00","dateModified":"2025-02-21T11:47:28+00:00","mainEntityOfPage":{"@id":"https:\/\/www.gfima.es\/?p=845"},"wordCount":2079,"publisher":{"@id":"https:\/\/www.gfima.es\/#organization"},"image":{"@id":"https:\/\/www.gfima.es\/?p=845#primaryimage"},"thumbnailUrl":"https:\/\/www.gfima.es\/wp-content\/uploads\/2023\/06\/noticia_200120231114.jpg","articleSection":{"0":"Comprador","2":"Tu hogar"},"inLanguage":"es"},{"@type":"WebPage","@id":"https:\/\/www.gfima.es\/?p=845","url":"https:\/\/www.gfima.es\/?p=845","name":"Defectos de construcci\u00f3n en obra nueva: plazos y forma de reclamarlos - Gfima","isPartOf":{"@id":"https:\/\/www.gfima.es\/#website"},"primaryImageOfPage":{"@id":"https:\/\/www.gfima.es\/?p=845#primaryimage"},"image":{"@id":"https:\/\/www.gfima.es\/?p=845#primaryimage"},"thumbnailUrl":"https:\/\/www.gfima.es\/wp-content\/uploads\/2023\/06\/noticia_200120231114.jpg","datePublished":"2023-06-22T08:22:24+00:00","dateModified":"2025-02-21T11:47:28+00:00","breadcrumb":{"@id":"https:\/\/www.gfima.es\/?p=845#breadcrumb"},"inLanguage":"es","potentialAction":[{"@type":"ReadAction","target":["https:\/\/www.gfima.es\/?p=845"]}]},{"@type":"ImageObject","inLanguage":"es","@id":"https:\/\/www.gfima.es\/?p=845#primaryimage","url":"https:\/\/www.gfima.es\/wp-content\/uploads\/2023\/06\/noticia_200120231114.jpg","contentUrl":"https:\/\/www.gfima.es\/wp-content\/uploads\/2023\/06\/noticia_200120231114.jpg","width":284,"height":177},{"@type":"BreadcrumbList","@id":"https:\/\/www.gfima.es\/?p=845#breadcrumb","itemListElement":[{"@type":"ListItem","position":1,"name":"Portada","item":"https:\/\/www.gfima.es\/"},{"@type":"ListItem","position":2,"name":"Defectos de construcci\u00f3n en obra nueva: plazos y forma de reclamarlos"}]},{"@type":"WebSite","@id":"https:\/\/www.gfima.es\/#website","url":"https:\/\/www.gfima.es\/","name":"Gfima","description":"Agencia inmobiliaria","publisher":{"@id":"https:\/\/www.gfima.es\/#organization"},"potentialAction":[{"@type":"SearchAction","target":{"@type":"EntryPoint","urlTemplate":"https:\/\/www.gfima.es\/?s={search_term_string}"},"query-input":{"@type":"PropertyValueSpecification","valueRequired":true,"valueName":"search_term_string"}}],"inLanguage":"es"},{"@type":"Organization","@id":"https:\/\/www.gfima.es\/#organization","name":"Gfima inmobiliaria","url":"https:\/\/www.gfima.es\/","logo":{"@type":"ImageObject","inLanguage":"es","@id":"https:\/\/www.gfima.es\/#\/schema\/logo\/image\/","url":"https:\/\/www.gfima.es\/wp-content\/uploads\/2023\/04\/LogoGfima.png","contentUrl":"https:\/\/www.gfima.es\/wp-content\/uploads\/2023\/04\/LogoGfima.png","width":1630,"height":925,"caption":"Gfima inmobiliaria"},"image":{"@id":"https:\/\/www.gfima.es\/#\/schema\/logo\/image\/"},"sameAs":["https:\/\/www.facebook.com\/GfimaInmobiliaria","https:\/\/www.instagram.com\/gfima_inmobiliaria"]},{"@type":"Person","@id":"https:\/\/www.gfima.es\/#\/schema\/person\/bed7acc555b4b94c632313b65701788b","name":"gfima","image":{"@type":"ImageObject","inLanguage":"es","@id":"https:\/\/secure.gravatar.com\/avatar\/6ca37e63e5d1de57514ad0d3c170b2985e0db68fefd27e54d92deccc468070d8?s=96&d=mm&r=g","url":"https:\/\/secure.gravatar.com\/avatar\/6ca37e63e5d1de57514ad0d3c170b2985e0db68fefd27e54d92deccc468070d8?s=96&d=mm&r=g","contentUrl":"https:\/\/secure.gravatar.com\/avatar\/6ca37e63e5d1de57514ad0d3c170b2985e0db68fefd27e54d92deccc468070d8?s=96&d=mm&r=g","caption":"gfima"},"sameAs":["https:\/\/x.com\/teamhost"],"url":"https:\/\/www.gfima.es\/?author=3"}]}},"_links":{"self":[{"href":"https:\/\/www.gfima.es\/index.php?rest_route=\/wp\/v2\/posts\/845","targetHints":{"allow":["GET"]}}],"collection":[{"href":"https:\/\/www.gfima.es\/index.php?rest_route=\/wp\/v2\/posts"}],"about":[{"href":"https:\/\/www.gfima.es\/index.php?rest_route=\/wp\/v2\/types\/post"}],"author":[{"embeddable":true,"href":"https:\/\/www.gfima.es\/index.php?rest_route=\/wp\/v2\/users\/3"}],"replies":[{"embeddable":true,"href":"https:\/\/www.gfima.es\/index.php?rest_route=%2Fwp%2Fv2%2Fcomments&post=845"}],"version-history":[{"count":1,"href":"https:\/\/www.gfima.es\/index.php?rest_route=\/wp\/v2\/posts\/845\/revisions"}],"predecessor-version":[{"id":848,"href":"https:\/\/www.gfima.es\/index.php?rest_route=\/wp\/v2\/posts\/845\/revisions\/848"}],"wp:featuredmedia":[{"embeddable":true,"href":"https:\/\/www.gfima.es\/index.php?rest_route=\/wp\/v2\/media\/847"}],"wp:attachment":[{"href":"https:\/\/www.gfima.es\/index.php?rest_route=%2Fwp%2Fv2%2Fmedia&parent=845"}],"wp:term":[{"taxonomy":"category","embeddable":true,"href":"https:\/\/www.gfima.es\/index.php?rest_route=%2Fwp%2Fv2%2Fcategories&post=845"},{"taxonomy":"post_tag","embeddable":true,"href":"https:\/\/www.gfima.es\/index.php?rest_route=%2Fwp%2Fv2%2Ftags&post=845"}],"curies":[{"name":"wp","href":"https:\/\/api.w.org\/{rel}","templated":true}]}}