{"id":771,"date":"2023-06-22T09:18:40","date_gmt":"2023-06-22T07:18:40","guid":{"rendered":"https:\/\/gfima.es\/?p=771"},"modified":"2025-02-21T12:47:45","modified_gmt":"2025-02-21T11:47:45","slug":"al-mal-tiempo-buena-cara-decora-tu-jardin-terraza-o-balcon","status":"publish","type":"post","link":"https:\/\/www.gfima.es\/?p=771","title":{"rendered":"Al mal tiempo buena cara: decora tu jard\u00edn, terraza o balc\u00f3n."},"content":{"rendered":"\n<p>A pesar de que en estos d\u00edas el buen tiempo nos haya abandonado moment\u00e1neamente. Es el per\u00edodo del a\u00f1o en que el mejor podemos disfrutar del aire libre y aprovechar nuestros propios hogares de una manera \u00fanica. En este art\u00edculo os dejaremos algunas ideas muy simples para hacer de ese espacio un lugar perfecto a trav\u00e9s de unas cuantas ideas para decorarlos: \u2022\u00a1Saca tu lado Bricoman\u00eda! Que no sabes qu\u00e9 hacer con la antigua mecedora de la abuela, un banco desvencijado, los pallets de una obra, cajas de frutas, neum\u00e1ticos, jarrones rotos, etc. Ponte manos a la obra y saca tu lado m\u00e1s Bricoman\u00eda. En internet hay muchos tutoriales sobre c\u00f3mo aprovechar al m\u00e1ximo este tipo de objetos ya que con muy poco podemos conseguir muebles y elementos decorativos muy llamativos y originales. \u2022Dale color con el textil. \u00bfQu\u00e9 tipo de textil ponemos en un exterior para que aguante las inclemencias del tiempo y a su vez quede bonito? La lona y el jacquard son dos buenas opciones a la hora de decorar nuestra zona exterior ya que son muy resistentes y f\u00e1ciles de lavar en seco. Cojines, almohadillas, manteles, fundas, etc. Nos ayudar\u00e1n a crear combinaciones sencillas con unas nociones b\u00e1sicas sobre decoraci\u00f3n. Los fondos lisos pueden combinarse con estampados geom\u00e9tricos, florales, ornamentales, etc. creando as\u00ed, contrastes muy atrayentes. El amarillo, el naranja, el rosa y el turquesa vivo, son los que mejor quedan en exteriores sobre muebles claritos. \u2022Un poquito de verde. \u00a1Qu\u00e9 ser\u00eda de un exterior sin un poco de verde! Sabemos que todos no tenemos mano para las plantas pero actualmente hay multitud de posibilidades para poder decorar nuestro jard\u00edn sin convertirnos en aniquiladores de vegetaci\u00f3n. Una de las apuestas de esta temporada son los cactus-mini, plantas peque\u00f1as que no necesitan a penas agua y quedan muy bien encima de la mesa o en superficies m\u00e1s reducidas. Ahora, si eres un forofo de la jardiner\u00eda y te gusta crear peque\u00f1os espacios selv\u00e1ticos, plantas como la verbena, calibrachoa, enredaderas, retamas, adelfas, etc. no requieren de demasiados cuidados y resisten bien las inclemencias del tiempo. Aun as\u00ed si no te convence el mundo de la jardiner\u00eda siempre nos quedar\u00e1n las plantas de tela o pl\u00e1stico. \u2022Pon las estrellas en tu balc\u00f3n. Por la noche es cuando, quiz\u00e1s, m\u00e1s se disfruta de estos lugares. Gracias a las luces led podemos crear espacios \u00fanicos, \u00edntimos y con encanto. Guirnaldas de luces, velas, antorchas, etc. pueden ser algunas de las opciones m\u00e1s recurrentes y f\u00e1ciles para iluminar d\u00e1ndole un aspecto m\u00e1s rom\u00e1ntico. Siguiendo algunas de las ideas aqu\u00ed propuestas lograr\u00e1s convertir ese espacio vac\u00edo y sin vida en algo mucho m\u00e1s acogedor y con gracia. En Gfima disponemos de un mont\u00f3n de viviendas con espacios exteriores tanto en alquiler como en venta. No dudes en solicitarnos informaci\u00f3n y ven a verlos sin ning\u00fan tipo de compromiso.<\/p>\n","protected":false},"excerpt":{"rendered":"<p>A pesar de que en estos d\u00edas el buen tiempo nos haya abandonado moment\u00e1neamente. Es el per\u00edodo del a\u00f1o en que el mejor podemos disfrutar del aire libre y aprovechar nuestros propios hogares de una manera \u00fanica. En este art\u00edculo os dejaremos algunas ideas muy simples para hacer de ese espacio un lugar perfecto a [&hellip;]<\/p>\n","protected":false},"author":3,"featured_media":772,"comment_status":"closed","ping_status":"open","sticky":false,"template":"","format":"standard","meta":{"site-sidebar-layout":"default","site-content-layout":"","ast-site-content-layout":"default","site-content-style":"default","site-sidebar-style":"default","ast-global-header-display":"","ast-banner-title-visibility":"","ast-main-header-display":"","ast-hfb-above-header-display":"","ast-hfb-below-header-display":"","ast-hfb-mobile-header-display":"","site-post-title":"","ast-breadcrumbs-content":"","ast-featured-img":"","footer-sml-layout":"","ast-disable-related-posts":"","theme-transparent-header-meta":"","adv-header-id-meta":"","stick-header-meta":"","header-above-stick-meta":"","header-main-stick-meta":"","header-below-stick-meta":"","astra-migrate-meta-layouts":"default","ast-page-background-enabled":"default","ast-page-background-meta":{"desktop":{"background-color":"var(--ast-global-color-4)","background-image":"","background-repeat":"repeat","background-position":"center center","background-size":"auto","background-attachment":"scroll","background-type":"","background-media":"","overlay-type":"","overlay-color":"","overlay-opacity":"","overlay-gradient":""},"tablet":{"background-color":"","background-image":"","background-repeat":"repeat","background-position":"center center","background-size":"auto","background-attachment":"scroll","background-type":"","background-media":"","overlay-type":"","overlay-color":"","overlay-opacity":"","overlay-gradient":""},"mobile":{"background-color":"","background-image":"","background-repeat":"repeat","background-position":"center center","background-size":"auto","background-attachment":"scroll","background-type":"","background-media":"","overlay-type":"","overlay-color":"","overlay-opacity":"","overlay-gradient":""}},"ast-content-background-meta":{"desktop":{"background-color":"var(--ast-global-color-5)","background-image":"","background-repeat":"repeat","background-position":"center center","background-size":"auto","background-attachment":"scroll","background-type":"","background-media":"","overlay-type":"","overlay-color":"","overlay-opacity":"","overlay-gradient":""},"tablet":{"background-color":"var(--ast-global-color-5)","background-image":"","background-repeat":"repeat","background-position":"center center","background-size":"auto","background-attachment":"scroll","background-type":"","background-media":"","overlay-type":"","overlay-color":"","overlay-opacity":"","overlay-gradient":""},"mobile":{"background-color":"var(--ast-global-color-5)","background-image":"","background-repeat":"repeat","background-position":"center center","background-size":"auto","background-attachment":"scroll","background-type":"","background-media":"","overlay-type":"","overlay-color":"","overlay-opacity":"","overlay-gradient":""}},"_joinchat":[],"footnotes":""},"categories":[19],"tags":[],"class_list":["post-771","post","type-post","status-publish","format-standard","has-post-thumbnail","hentry","category-tu-hogar"],"yoast_head":"<!-- This site is optimized with the Yoast SEO plugin v27.5 - https:\/\/yoast.com\/product\/yoast-seo-wordpress\/ -->\n<title>Al mal tiempo buena cara: decora tu jard\u00edn, terraza o balc\u00f3n. - Gfima<\/title>\n<meta name=\"robots\" content=\"index, follow, max-snippet:-1, max-image-preview:large, max-video-preview:-1\" \/>\n<link rel=\"canonical\" href=\"https:\/\/www.gfima.es\/?p=771\" \/>\n<meta property=\"og:locale\" content=\"es_ES\" \/>\n<meta property=\"og:type\" content=\"article\" \/>\n<meta property=\"og:title\" content=\"Al mal tiempo buena cara: decora tu jard\u00edn, terraza o balc\u00f3n. - Gfima\" \/>\n<meta property=\"og:description\" content=\"A pesar de que en estos d\u00edas el buen tiempo nos haya abandonado moment\u00e1neamente. Es el per\u00edodo del a\u00f1o en que el mejor podemos disfrutar del aire libre y aprovechar nuestros propios hogares de una manera \u00fanica. En este art\u00edculo os dejaremos algunas ideas muy simples para hacer de ese espacio un lugar perfecto a [&hellip;]\" \/>\n<meta property=\"og:url\" content=\"https:\/\/www.gfima.es\/?p=771\" \/>\n<meta property=\"og:site_name\" content=\"Gfima\" \/>\n<meta property=\"article:publisher\" content=\"https:\/\/www.facebook.com\/GfimaInmobiliaria\" \/>\n<meta property=\"article:published_time\" content=\"2023-06-22T07:18:40+00:00\" \/>\n<meta property=\"article:modified_time\" content=\"2025-02-21T11:47:45+00:00\" \/>\n<meta property=\"og:image\" content=\"https:\/\/www.gfima.es\/wp-content\/uploads\/2023\/06\/noticia_080720171234.jpg\" \/>\n\t<meta property=\"og:image:width\" content=\"1000\" \/>\n\t<meta property=\"og:image:height\" content=\"659\" \/>\n\t<meta property=\"og:image:type\" content=\"image\/jpeg\" \/>\n<meta name=\"author\" content=\"gfima\" \/>\n<meta name=\"twitter:card\" content=\"summary_large_image\" \/>\n<meta name=\"twitter:creator\" content=\"@teamhost\" \/>\n<meta name=\"twitter:label1\" content=\"Escrito por\" \/>\n\t<meta name=\"twitter:data1\" content=\"gfima\" \/>\n\t<meta name=\"twitter:label2\" content=\"Tiempo de lectura\" \/>\n\t<meta name=\"twitter:data2\" content=\"3 minutos\" \/>\n<script type=\"application\/ld+json\" class=\"yoast-schema-graph\">{\"@context\":\"https:\\\/\\\/schema.org\",\"@graph\":[{\"@type\":\"Article\",\"@id\":\"https:\\\/\\\/www.gfima.es\\\/?p=771#article\",\"isPartOf\":{\"@id\":\"https:\\\/\\\/www.gfima.es\\\/?p=771\"},\"author\":{\"name\":\"gfima\",\"@id\":\"https:\\\/\\\/www.gfima.es\\\/#\\\/schema\\\/person\\\/bed7acc555b4b94c632313b65701788b\"},\"headline\":\"Al mal tiempo buena cara: decora tu jard\u00edn, terraza o balc\u00f3n.\",\"datePublished\":\"2023-06-22T07:18:40+00:00\",\"dateModified\":\"2025-02-21T11:47:45+00:00\",\"mainEntityOfPage\":{\"@id\":\"https:\\\/\\\/www.gfima.es\\\/?p=771\"},\"wordCount\":530,\"publisher\":{\"@id\":\"https:\\\/\\\/www.gfima.es\\\/#organization\"},\"image\":{\"@id\":\"https:\\\/\\\/www.gfima.es\\\/?p=771#primaryimage\"},\"thumbnailUrl\":\"https:\\\/\\\/www.gfima.es\\\/wp-content\\\/uploads\\\/2023\\\/06\\\/noticia_080720171234.jpg\",\"articleSection\":[\"Tu hogar\"],\"inLanguage\":\"es\"},{\"@type\":\"WebPage\",\"@id\":\"https:\\\/\\\/www.gfima.es\\\/?p=771\",\"url\":\"https:\\\/\\\/www.gfima.es\\\/?p=771\",\"name\":\"Al mal tiempo buena cara: decora tu jard\u00edn, terraza o balc\u00f3n. - Gfima\",\"isPartOf\":{\"@id\":\"https:\\\/\\\/www.gfima.es\\\/#website\"},\"primaryImageOfPage\":{\"@id\":\"https:\\\/\\\/www.gfima.es\\\/?p=771#primaryimage\"},\"image\":{\"@id\":\"https:\\\/\\\/www.gfima.es\\\/?p=771#primaryimage\"},\"thumbnailUrl\":\"https:\\\/\\\/www.gfima.es\\\/wp-content\\\/uploads\\\/2023\\\/06\\\/noticia_080720171234.jpg\",\"datePublished\":\"2023-06-22T07:18:40+00:00\",\"dateModified\":\"2025-02-21T11:47:45+00:00\",\"breadcrumb\":{\"@id\":\"https:\\\/\\\/www.gfima.es\\\/?p=771#breadcrumb\"},\"inLanguage\":\"es\",\"potentialAction\":[{\"@type\":\"ReadAction\",\"target\":[\"https:\\\/\\\/www.gfima.es\\\/?p=771\"]}]},{\"@type\":\"ImageObject\",\"inLanguage\":\"es\",\"@id\":\"https:\\\/\\\/www.gfima.es\\\/?p=771#primaryimage\",\"url\":\"https:\\\/\\\/www.gfima.es\\\/wp-content\\\/uploads\\\/2023\\\/06\\\/noticia_080720171234.jpg\",\"contentUrl\":\"https:\\\/\\\/www.gfima.es\\\/wp-content\\\/uploads\\\/2023\\\/06\\\/noticia_080720171234.jpg\",\"width\":1000,\"height\":659},{\"@type\":\"BreadcrumbList\",\"@id\":\"https:\\\/\\\/www.gfima.es\\\/?p=771#breadcrumb\",\"itemListElement\":[{\"@type\":\"ListItem\",\"position\":1,\"name\":\"Portada\",\"item\":\"https:\\\/\\\/www.gfima.es\\\/\"},{\"@type\":\"ListItem\",\"position\":2,\"name\":\"Al mal tiempo buena cara: decora tu jard\u00edn, terraza o balc\u00f3n.\"}]},{\"@type\":\"WebSite\",\"@id\":\"https:\\\/\\\/www.gfima.es\\\/#website\",\"url\":\"https:\\\/\\\/www.gfima.es\\\/\",\"name\":\"Gfima\",\"description\":\"Agencia inmobiliaria\",\"publisher\":{\"@id\":\"https:\\\/\\\/www.gfima.es\\\/#organization\"},\"potentialAction\":[{\"@type\":\"SearchAction\",\"target\":{\"@type\":\"EntryPoint\",\"urlTemplate\":\"https:\\\/\\\/www.gfima.es\\\/?s={search_term_string}\"},\"query-input\":{\"@type\":\"PropertyValueSpecification\",\"valueRequired\":true,\"valueName\":\"search_term_string\"}}],\"inLanguage\":\"es\"},{\"@type\":\"Organization\",\"@id\":\"https:\\\/\\\/www.gfima.es\\\/#organization\",\"name\":\"Gfima inmobiliaria\",\"url\":\"https:\\\/\\\/www.gfima.es\\\/\",\"logo\":{\"@type\":\"ImageObject\",\"inLanguage\":\"es\",\"@id\":\"https:\\\/\\\/www.gfima.es\\\/#\\\/schema\\\/logo\\\/image\\\/\",\"url\":\"https:\\\/\\\/www.gfima.es\\\/wp-content\\\/uploads\\\/2023\\\/04\\\/LogoGfima.png\",\"contentUrl\":\"https:\\\/\\\/www.gfima.es\\\/wp-content\\\/uploads\\\/2023\\\/04\\\/LogoGfima.png\",\"width\":1630,\"height\":925,\"caption\":\"Gfima inmobiliaria\"},\"image\":{\"@id\":\"https:\\\/\\\/www.gfima.es\\\/#\\\/schema\\\/logo\\\/image\\\/\"},\"sameAs\":[\"https:\\\/\\\/www.facebook.com\\\/GfimaInmobiliaria\",\"https:\\\/\\\/www.instagram.com\\\/gfima_inmobiliaria\"]},{\"@type\":\"Person\",\"@id\":\"https:\\\/\\\/www.gfima.es\\\/#\\\/schema\\\/person\\\/bed7acc555b4b94c632313b65701788b\",\"name\":\"gfima\",\"image\":{\"@type\":\"ImageObject\",\"inLanguage\":\"es\",\"@id\":\"https:\\\/\\\/secure.gravatar.com\\\/avatar\\\/6ca37e63e5d1de57514ad0d3c170b2985e0db68fefd27e54d92deccc468070d8?s=96&d=mm&r=g\",\"url\":\"https:\\\/\\\/secure.gravatar.com\\\/avatar\\\/6ca37e63e5d1de57514ad0d3c170b2985e0db68fefd27e54d92deccc468070d8?s=96&d=mm&r=g\",\"contentUrl\":\"https:\\\/\\\/secure.gravatar.com\\\/avatar\\\/6ca37e63e5d1de57514ad0d3c170b2985e0db68fefd27e54d92deccc468070d8?s=96&d=mm&r=g\",\"caption\":\"gfima\"},\"sameAs\":[\"https:\\\/\\\/x.com\\\/teamhost\"],\"url\":\"https:\\\/\\\/www.gfima.es\\\/?author=3\"}]}<\/script>\n<!-- \/ Yoast SEO plugin. -->","yoast_head_json":{"title":"Al mal tiempo buena cara: decora tu jard\u00edn, terraza o balc\u00f3n. - Gfima","robots":{"index":"index","follow":"follow","max-snippet":"max-snippet:-1","max-image-preview":"max-image-preview:large","max-video-preview":"max-video-preview:-1"},"canonical":"https:\/\/www.gfima.es\/?p=771","og_locale":"es_ES","og_type":"article","og_title":"Al mal tiempo buena cara: decora tu jard\u00edn, terraza o balc\u00f3n. - Gfima","og_description":"A pesar de que en estos d\u00edas el buen tiempo nos haya abandonado moment\u00e1neamente. Es el per\u00edodo del a\u00f1o en que el mejor podemos disfrutar del aire libre y aprovechar nuestros propios hogares de una manera \u00fanica. En este art\u00edculo os dejaremos algunas ideas muy simples para hacer de ese espacio un lugar perfecto a [&hellip;]","og_url":"https:\/\/www.gfima.es\/?p=771","og_site_name":"Gfima","article_publisher":"https:\/\/www.facebook.com\/GfimaInmobiliaria","article_published_time":"2023-06-22T07:18:40+00:00","article_modified_time":"2025-02-21T11:47:45+00:00","og_image":[{"width":1000,"height":659,"url":"https:\/\/www.gfima.es\/wp-content\/uploads\/2023\/06\/noticia_080720171234.jpg","type":"image\/jpeg"}],"author":"gfima","twitter_card":"summary_large_image","twitter_creator":"@teamhost","twitter_misc":{"Escrito por":"gfima","Tiempo de lectura":"3 minutos"},"schema":{"@context":"https:\/\/schema.org","@graph":[{"@type":"Article","@id":"https:\/\/www.gfima.es\/?p=771#article","isPartOf":{"@id":"https:\/\/www.gfima.es\/?p=771"},"author":{"name":"gfima","@id":"https:\/\/www.gfima.es\/#\/schema\/person\/bed7acc555b4b94c632313b65701788b"},"headline":"Al mal tiempo buena cara: decora tu jard\u00edn, terraza o balc\u00f3n.","datePublished":"2023-06-22T07:18:40+00:00","dateModified":"2025-02-21T11:47:45+00:00","mainEntityOfPage":{"@id":"https:\/\/www.gfima.es\/?p=771"},"wordCount":530,"publisher":{"@id":"https:\/\/www.gfima.es\/#organization"},"image":{"@id":"https:\/\/www.gfima.es\/?p=771#primaryimage"},"thumbnailUrl":"https:\/\/www.gfima.es\/wp-content\/uploads\/2023\/06\/noticia_080720171234.jpg","articleSection":["Tu hogar"],"inLanguage":"es"},{"@type":"WebPage","@id":"https:\/\/www.gfima.es\/?p=771","url":"https:\/\/www.gfima.es\/?p=771","name":"Al mal tiempo buena cara: decora tu jard\u00edn, terraza o balc\u00f3n. - Gfima","isPartOf":{"@id":"https:\/\/www.gfima.es\/#website"},"primaryImageOfPage":{"@id":"https:\/\/www.gfima.es\/?p=771#primaryimage"},"image":{"@id":"https:\/\/www.gfima.es\/?p=771#primaryimage"},"thumbnailUrl":"https:\/\/www.gfima.es\/wp-content\/uploads\/2023\/06\/noticia_080720171234.jpg","datePublished":"2023-06-22T07:18:40+00:00","dateModified":"2025-02-21T11:47:45+00:00","breadcrumb":{"@id":"https:\/\/www.gfima.es\/?p=771#breadcrumb"},"inLanguage":"es","potentialAction":[{"@type":"ReadAction","target":["https:\/\/www.gfima.es\/?p=771"]}]},{"@type":"ImageObject","inLanguage":"es","@id":"https:\/\/www.gfima.es\/?p=771#primaryimage","url":"https:\/\/www.gfima.es\/wp-content\/uploads\/2023\/06\/noticia_080720171234.jpg","contentUrl":"https:\/\/www.gfima.es\/wp-content\/uploads\/2023\/06\/noticia_080720171234.jpg","width":1000,"height":659},{"@type":"BreadcrumbList","@id":"https:\/\/www.gfima.es\/?p=771#breadcrumb","itemListElement":[{"@type":"ListItem","position":1,"name":"Portada","item":"https:\/\/www.gfima.es\/"},{"@type":"ListItem","position":2,"name":"Al mal tiempo buena cara: decora tu jard\u00edn, terraza o balc\u00f3n."}]},{"@type":"WebSite","@id":"https:\/\/www.gfima.es\/#website","url":"https:\/\/www.gfima.es\/","name":"Gfima","description":"Agencia inmobiliaria","publisher":{"@id":"https:\/\/www.gfima.es\/#organization"},"potentialAction":[{"@type":"SearchAction","target":{"@type":"EntryPoint","urlTemplate":"https:\/\/www.gfima.es\/?s={search_term_string}"},"query-input":{"@type":"PropertyValueSpecification","valueRequired":true,"valueName":"search_term_string"}}],"inLanguage":"es"},{"@type":"Organization","@id":"https:\/\/www.gfima.es\/#organization","name":"Gfima inmobiliaria","url":"https:\/\/www.gfima.es\/","logo":{"@type":"ImageObject","inLanguage":"es","@id":"https:\/\/www.gfima.es\/#\/schema\/logo\/image\/","url":"https:\/\/www.gfima.es\/wp-content\/uploads\/2023\/04\/LogoGfima.png","contentUrl":"https:\/\/www.gfima.es\/wp-content\/uploads\/2023\/04\/LogoGfima.png","width":1630,"height":925,"caption":"Gfima inmobiliaria"},"image":{"@id":"https:\/\/www.gfima.es\/#\/schema\/logo\/image\/"},"sameAs":["https:\/\/www.facebook.com\/GfimaInmobiliaria","https:\/\/www.instagram.com\/gfima_inmobiliaria"]},{"@type":"Person","@id":"https:\/\/www.gfima.es\/#\/schema\/person\/bed7acc555b4b94c632313b65701788b","name":"gfima","image":{"@type":"ImageObject","inLanguage":"es","@id":"https:\/\/secure.gravatar.com\/avatar\/6ca37e63e5d1de57514ad0d3c170b2985e0db68fefd27e54d92deccc468070d8?s=96&d=mm&r=g","url":"https:\/\/secure.gravatar.com\/avatar\/6ca37e63e5d1de57514ad0d3c170b2985e0db68fefd27e54d92deccc468070d8?s=96&d=mm&r=g","contentUrl":"https:\/\/secure.gravatar.com\/avatar\/6ca37e63e5d1de57514ad0d3c170b2985e0db68fefd27e54d92deccc468070d8?s=96&d=mm&r=g","caption":"gfima"},"sameAs":["https:\/\/x.com\/teamhost"],"url":"https:\/\/www.gfima.es\/?author=3"}]}},"_links":{"self":[{"href":"https:\/\/www.gfima.es\/index.php?rest_route=\/wp\/v2\/posts\/771","targetHints":{"allow":["GET"]}}],"collection":[{"href":"https:\/\/www.gfima.es\/index.php?rest_route=\/wp\/v2\/posts"}],"about":[{"href":"https:\/\/www.gfima.es\/index.php?rest_route=\/wp\/v2\/types\/post"}],"author":[{"embeddable":true,"href":"https:\/\/www.gfima.es\/index.php?rest_route=\/wp\/v2\/users\/3"}],"replies":[{"embeddable":true,"href":"https:\/\/www.gfima.es\/index.php?rest_route=%2Fwp%2Fv2%2Fcomments&post=771"}],"version-history":[{"count":1,"href":"https:\/\/www.gfima.es\/index.php?rest_route=\/wp\/v2\/posts\/771\/revisions"}],"predecessor-version":[{"id":773,"href":"https:\/\/www.gfima.es\/index.php?rest_route=\/wp\/v2\/posts\/771\/revisions\/773"}],"wp:featuredmedia":[{"embeddable":true,"href":"https:\/\/www.gfima.es\/index.php?rest_route=\/wp\/v2\/media\/772"}],"wp:attachment":[{"href":"https:\/\/www.gfima.es\/index.php?rest_route=%2Fwp%2Fv2%2Fmedia&parent=771"}],"wp:term":[{"taxonomy":"category","embeddable":true,"href":"https:\/\/www.gfima.es\/index.php?rest_route=%2Fwp%2Fv2%2Fcategories&post=771"},{"taxonomy":"post_tag","embeddable":true,"href":"https:\/\/www.gfima.es\/index.php?rest_route=%2Fwp%2Fv2%2Ftags&post=771"}],"curies":[{"name":"wp","href":"https:\/\/api.w.org\/{rel}","templated":true}]}}