{"id":753,"date":"2023-06-22T09:09:17","date_gmt":"2023-06-22T07:09:17","guid":{"rendered":"https:\/\/gfima.es\/?p=753"},"modified":"2025-02-21T12:47:45","modified_gmt":"2025-02-21T11:47:45","slug":"que-potencia-de-luz-y-gas-contratar","status":"publish","type":"post","link":"https:\/\/www.gfima.es\/?p=753","title":{"rendered":"\u00bfQu\u00e9 potencia de luz y gas contratar?"},"content":{"rendered":"\n<p>A la hora de dar de alta la luz y el gas, lo primero que se debe tener en cuenta es qu\u00e9 potencia contratar. \u00c9sta equivale a la cantidad de energ\u00eda trasferida en la unidad de tiempo y normalmente aparece indicada (en vatios o kilovatios) en las placas de los propios electrodom\u00e9sticos o en sus manuales de instrucciones. La energ\u00eda consumida, que se mide en kilovatios por hora (kWh), es el resultado de multiplicar la potencia de cada uno de los equipos por el tiempo de uso. Por eso difiere bastante seg\u00fan la \u00e9poca del a\u00f1o y el uso que se haga de los equipos del hogar. Contratar la potencia correcta evitar\u00e1 derrochar energ\u00eda y dinero, pero tambi\u00e9n que haya cortes de luz. C\u00f3mo calcular la potencia de la luz El consumo de luz se calcula sumando el consumo individual de cada uno de los aparatos el\u00e9ctricos que se vayan a usar con frecuencia. La suma de los vatios de todos ellos indicar\u00e1 la potencia m\u00ednima a contratar si se pretende utilizarlos simult\u00e1neamente. Otra opci\u00f3n es utilizar alguna de las calculadoras que ofrecen las compa\u00f1\u00edas el\u00e9ctricas. Si la potencia contratada es inferior a la demandada, cuando el consumo supere la barrera, saltar\u00e1 el diferencial. Esto, adem\u00e1s de ser una molestia, puede da\u00f1ar algunos equipos o aparatos. Por eso es tan malo pasarse y derrochar dinero, como no llegar y arriesgarse a que algo se estropee. Lo ideal, sin duda, es contratar la potencia adecuada. En la actualidad, la mayor\u00eda de las viviendas tienen contratada una potencia m\u00ednima entre 2,5 y 5 kW, seguida de las familias que contratan de 5 a 10 kW. Es posible disponer de luz y peque\u00f1os electrodom\u00e9sticos con una potencia inferior de 2,2 Kw, pero si se cuenta con calefacci\u00f3n el\u00e9ctrica y aire acondicionado, el m\u00ednimo suele rondarlos 9 kW. C\u00f3mo calcular la potencia del gas Tal y como sucede con la luz, el consumo del gas se mide sumando el consumo individual de cada uno de los equipos de gas que se vayan a emplear. Si bien estos no son muchos, al a\u00f1o puede suponer mucho gasto: calefacci\u00f3n, cocina y agua caliente sanitaria, son los tres usos principales. Dependiendo del n\u00famero de equipos y el uso, se debe contratar mayor o menor potencia. Si bien se puede usar utilizar simuladores o calcular en base a la potencia indicada en los manuales de los equipos, lo habitual es contratar una potencia u otra seg\u00fan el n\u00famero de aparatos a gas. As\u00ed, si s\u00f3lo se utiliza el gas para el agua caliente sanitaria y la cocina, lo normal es que el consumo no supere los 5.000 kWh al a\u00f1o. Si, en cambio, tambi\u00e9n se utiliza para la calefacci\u00f3n, lo recomendable es optar por una potencia de entre 5.000 kWh a 10.000 kWh al a\u00f1o. Para los hogares que necesitan todav\u00eda m\u00e1s potencia es recomendable una potencia de unos 11.500 kWh\/a\u00f1o. Adem\u00e1s, existen clientes (sobre todo comunidades de vecinos) cuyos consumos anuales est\u00e1n entre los 50.000 y los 100.000 kWh, cuyo suministro del gas debe estar contratado con un Comercializador de Mercado Libre. C\u00f3mo calcular el consumo energ\u00e9tico En el mercado existen multitud de medidores de consumo que permiten saber la potencia exacta que se necesita contratar. Estos, adem\u00e1s, pueden facilitar datos de consumo de aparatos viejos, de forma que se puede saber cu\u00e1les de ellos sustituir para ahorrar energ\u00eda. Pero, adem\u00e1s de poder calcular el consumo energ\u00e9tico a trav\u00e9s del contador, tambi\u00e9n es posible utilizar los simuladores de potencia de empresas el\u00e9ctricas y algunas asociaciones de consumidores como la OCU.<\/p>\n","protected":false},"excerpt":{"rendered":"<p>A la hora de dar de alta la luz y el gas, lo primero que se debe tener en cuenta es qu\u00e9 potencia contratar. \u00c9sta equivale a la cantidad de energ\u00eda trasferida en la unidad de tiempo y normalmente aparece indicada (en vatios o kilovatios) en las placas de los propios electrodom\u00e9sticos o en sus [&hellip;]<\/p>\n","protected":false},"author":3,"featured_media":754,"comment_status":"closed","ping_status":"open","sticky":false,"template":"","format":"standard","meta":{"site-sidebar-layout":"default","site-content-layout":"","ast-site-content-layout":"default","site-content-style":"default","site-sidebar-style":"default","ast-global-header-display":"","ast-banner-title-visibility":"","ast-main-header-display":"","ast-hfb-above-header-display":"","ast-hfb-below-header-display":"","ast-hfb-mobile-header-display":"","site-post-title":"","ast-breadcrumbs-content":"","ast-featured-img":"","footer-sml-layout":"","ast-disable-related-posts":"","theme-transparent-header-meta":"","adv-header-id-meta":"","stick-header-meta":"","header-above-stick-meta":"","header-main-stick-meta":"","header-below-stick-meta":"","astra-migrate-meta-layouts":"default","ast-page-background-enabled":"default","ast-page-background-meta":{"desktop":{"background-color":"var(--ast-global-color-4)","background-image":"","background-repeat":"repeat","background-position":"center center","background-size":"auto","background-attachment":"scroll","background-type":"","background-media":"","overlay-type":"","overlay-color":"","overlay-opacity":"","overlay-gradient":""},"tablet":{"background-color":"","background-image":"","background-repeat":"repeat","background-position":"center center","background-size":"auto","background-attachment":"scroll","background-type":"","background-media":"","overlay-type":"","overlay-color":"","overlay-opacity":"","overlay-gradient":""},"mobile":{"background-color":"","background-image":"","background-repeat":"repeat","background-position":"center center","background-size":"auto","background-attachment":"scroll","background-type":"","background-media":"","overlay-type":"","overlay-color":"","overlay-opacity":"","overlay-gradient":""}},"ast-content-background-meta":{"desktop":{"background-color":"var(--ast-global-color-5)","background-image":"","background-repeat":"repeat","background-position":"center center","background-size":"auto","background-attachment":"scroll","background-type":"","background-media":"","overlay-type":"","overlay-color":"","overlay-opacity":"","overlay-gradient":""},"tablet":{"background-color":"var(--ast-global-color-5)","background-image":"","background-repeat":"repeat","background-position":"center center","background-size":"auto","background-attachment":"scroll","background-type":"","background-media":"","overlay-type":"","overlay-color":"","overlay-opacity":"","overlay-gradient":""},"mobile":{"background-color":"var(--ast-global-color-5)","background-image":"","background-repeat":"repeat","background-position":"center center","background-size":"auto","background-attachment":"scroll","background-type":"","background-media":"","overlay-type":"","overlay-color":"","overlay-opacity":"","overlay-gradient":""}},"_joinchat":[],"footnotes":""},"categories":[1],"tags":[],"class_list":["post-753","post","type-post","status-publish","format-standard","has-post-thumbnail","hentry","category-sin-categoria"],"yoast_head":"<!-- This site is optimized with the Yoast SEO plugin v27.5 - https:\/\/yoast.com\/product\/yoast-seo-wordpress\/ -->\n<title>\u00bfQu\u00e9 potencia de luz y gas contratar? - Gfima<\/title>\n<meta name=\"robots\" content=\"index, follow, max-snippet:-1, max-image-preview:large, max-video-preview:-1\" \/>\n<link rel=\"canonical\" href=\"https:\/\/www.gfima.es\/?p=753\" \/>\n<meta property=\"og:locale\" content=\"es_ES\" \/>\n<meta property=\"og:type\" content=\"article\" \/>\n<meta property=\"og:title\" content=\"\u00bfQu\u00e9 potencia de luz y gas contratar? - Gfima\" \/>\n<meta property=\"og:description\" content=\"A la hora de dar de alta la luz y el gas, lo primero que se debe tener en cuenta es qu\u00e9 potencia contratar. \u00c9sta equivale a la cantidad de energ\u00eda trasferida en la unidad de tiempo y normalmente aparece indicada (en vatios o kilovatios) en las placas de los propios electrodom\u00e9sticos o en sus [&hellip;]\" \/>\n<meta property=\"og:url\" content=\"https:\/\/www.gfima.es\/?p=753\" \/>\n<meta property=\"og:site_name\" content=\"Gfima\" \/>\n<meta property=\"article:publisher\" content=\"https:\/\/www.facebook.com\/GfimaInmobiliaria\" \/>\n<meta property=\"article:published_time\" content=\"2023-06-22T07:09:17+00:00\" \/>\n<meta property=\"article:modified_time\" content=\"2025-02-21T11:47:45+00:00\" \/>\n<meta property=\"og:image\" content=\"https:\/\/www.gfima.es\/wp-content\/uploads\/2023\/06\/noticia_310320161219.jpg\" \/>\n\t<meta property=\"og:image:width\" content=\"676\" \/>\n\t<meta property=\"og:image:height\" content=\"270\" \/>\n\t<meta property=\"og:image:type\" content=\"image\/jpeg\" \/>\n<meta name=\"author\" content=\"gfima\" \/>\n<meta name=\"twitter:card\" content=\"summary_large_image\" \/>\n<meta name=\"twitter:creator\" content=\"@teamhost\" \/>\n<meta name=\"twitter:label1\" content=\"Escrito por\" \/>\n\t<meta name=\"twitter:data1\" content=\"gfima\" \/>\n\t<meta name=\"twitter:label2\" content=\"Tiempo de lectura\" \/>\n\t<meta name=\"twitter:data2\" content=\"3 minutos\" \/>\n<script type=\"application\/ld+json\" class=\"yoast-schema-graph\">{\"@context\":\"https:\\\/\\\/schema.org\",\"@graph\":[{\"@type\":\"Article\",\"@id\":\"https:\\\/\\\/www.gfima.es\\\/?p=753#article\",\"isPartOf\":{\"@id\":\"https:\\\/\\\/www.gfima.es\\\/?p=753\"},\"author\":{\"name\":\"gfima\",\"@id\":\"https:\\\/\\\/www.gfima.es\\\/#\\\/schema\\\/person\\\/bed7acc555b4b94c632313b65701788b\"},\"headline\":\"\u00bfQu\u00e9 potencia de luz y gas contratar?\",\"datePublished\":\"2023-06-22T07:09:17+00:00\",\"dateModified\":\"2025-02-21T11:47:45+00:00\",\"mainEntityOfPage\":{\"@id\":\"https:\\\/\\\/www.gfima.es\\\/?p=753\"},\"wordCount\":638,\"publisher\":{\"@id\":\"https:\\\/\\\/www.gfima.es\\\/#organization\"},\"image\":{\"@id\":\"https:\\\/\\\/www.gfima.es\\\/?p=753#primaryimage\"},\"thumbnailUrl\":\"https:\\\/\\\/www.gfima.es\\\/wp-content\\\/uploads\\\/2023\\\/06\\\/noticia_310320161219.jpg\",\"inLanguage\":\"es\"},{\"@type\":\"WebPage\",\"@id\":\"https:\\\/\\\/www.gfima.es\\\/?p=753\",\"url\":\"https:\\\/\\\/www.gfima.es\\\/?p=753\",\"name\":\"\u00bfQu\u00e9 potencia de luz y gas contratar? - Gfima\",\"isPartOf\":{\"@id\":\"https:\\\/\\\/www.gfima.es\\\/#website\"},\"primaryImageOfPage\":{\"@id\":\"https:\\\/\\\/www.gfima.es\\\/?p=753#primaryimage\"},\"image\":{\"@id\":\"https:\\\/\\\/www.gfima.es\\\/?p=753#primaryimage\"},\"thumbnailUrl\":\"https:\\\/\\\/www.gfima.es\\\/wp-content\\\/uploads\\\/2023\\\/06\\\/noticia_310320161219.jpg\",\"datePublished\":\"2023-06-22T07:09:17+00:00\",\"dateModified\":\"2025-02-21T11:47:45+00:00\",\"breadcrumb\":{\"@id\":\"https:\\\/\\\/www.gfima.es\\\/?p=753#breadcrumb\"},\"inLanguage\":\"es\",\"potentialAction\":[{\"@type\":\"ReadAction\",\"target\":[\"https:\\\/\\\/www.gfima.es\\\/?p=753\"]}]},{\"@type\":\"ImageObject\",\"inLanguage\":\"es\",\"@id\":\"https:\\\/\\\/www.gfima.es\\\/?p=753#primaryimage\",\"url\":\"https:\\\/\\\/www.gfima.es\\\/wp-content\\\/uploads\\\/2023\\\/06\\\/noticia_310320161219.jpg\",\"contentUrl\":\"https:\\\/\\\/www.gfima.es\\\/wp-content\\\/uploads\\\/2023\\\/06\\\/noticia_310320161219.jpg\",\"width\":676,\"height\":270},{\"@type\":\"BreadcrumbList\",\"@id\":\"https:\\\/\\\/www.gfima.es\\\/?p=753#breadcrumb\",\"itemListElement\":[{\"@type\":\"ListItem\",\"position\":1,\"name\":\"Portada\",\"item\":\"https:\\\/\\\/www.gfima.es\\\/\"},{\"@type\":\"ListItem\",\"position\":2,\"name\":\"\u00bfQu\u00e9 potencia de luz y gas contratar?\"}]},{\"@type\":\"WebSite\",\"@id\":\"https:\\\/\\\/www.gfima.es\\\/#website\",\"url\":\"https:\\\/\\\/www.gfima.es\\\/\",\"name\":\"Gfima\",\"description\":\"Agencia inmobiliaria\",\"publisher\":{\"@id\":\"https:\\\/\\\/www.gfima.es\\\/#organization\"},\"potentialAction\":[{\"@type\":\"SearchAction\",\"target\":{\"@type\":\"EntryPoint\",\"urlTemplate\":\"https:\\\/\\\/www.gfima.es\\\/?s={search_term_string}\"},\"query-input\":{\"@type\":\"PropertyValueSpecification\",\"valueRequired\":true,\"valueName\":\"search_term_string\"}}],\"inLanguage\":\"es\"},{\"@type\":\"Organization\",\"@id\":\"https:\\\/\\\/www.gfima.es\\\/#organization\",\"name\":\"Gfima inmobiliaria\",\"url\":\"https:\\\/\\\/www.gfima.es\\\/\",\"logo\":{\"@type\":\"ImageObject\",\"inLanguage\":\"es\",\"@id\":\"https:\\\/\\\/www.gfima.es\\\/#\\\/schema\\\/logo\\\/image\\\/\",\"url\":\"https:\\\/\\\/www.gfima.es\\\/wp-content\\\/uploads\\\/2023\\\/04\\\/LogoGfima.png\",\"contentUrl\":\"https:\\\/\\\/www.gfima.es\\\/wp-content\\\/uploads\\\/2023\\\/04\\\/LogoGfima.png\",\"width\":1630,\"height\":925,\"caption\":\"Gfima inmobiliaria\"},\"image\":{\"@id\":\"https:\\\/\\\/www.gfima.es\\\/#\\\/schema\\\/logo\\\/image\\\/\"},\"sameAs\":[\"https:\\\/\\\/www.facebook.com\\\/GfimaInmobiliaria\",\"https:\\\/\\\/www.instagram.com\\\/gfima_inmobiliaria\"]},{\"@type\":\"Person\",\"@id\":\"https:\\\/\\\/www.gfima.es\\\/#\\\/schema\\\/person\\\/bed7acc555b4b94c632313b65701788b\",\"name\":\"gfima\",\"image\":{\"@type\":\"ImageObject\",\"inLanguage\":\"es\",\"@id\":\"https:\\\/\\\/secure.gravatar.com\\\/avatar\\\/6ca37e63e5d1de57514ad0d3c170b2985e0db68fefd27e54d92deccc468070d8?s=96&d=mm&r=g\",\"url\":\"https:\\\/\\\/secure.gravatar.com\\\/avatar\\\/6ca37e63e5d1de57514ad0d3c170b2985e0db68fefd27e54d92deccc468070d8?s=96&d=mm&r=g\",\"contentUrl\":\"https:\\\/\\\/secure.gravatar.com\\\/avatar\\\/6ca37e63e5d1de57514ad0d3c170b2985e0db68fefd27e54d92deccc468070d8?s=96&d=mm&r=g\",\"caption\":\"gfima\"},\"sameAs\":[\"https:\\\/\\\/x.com\\\/teamhost\"],\"url\":\"https:\\\/\\\/www.gfima.es\\\/?author=3\"}]}<\/script>\n<!-- \/ Yoast SEO plugin. -->","yoast_head_json":{"title":"\u00bfQu\u00e9 potencia de luz y gas contratar? - Gfima","robots":{"index":"index","follow":"follow","max-snippet":"max-snippet:-1","max-image-preview":"max-image-preview:large","max-video-preview":"max-video-preview:-1"},"canonical":"https:\/\/www.gfima.es\/?p=753","og_locale":"es_ES","og_type":"article","og_title":"\u00bfQu\u00e9 potencia de luz y gas contratar? - Gfima","og_description":"A la hora de dar de alta la luz y el gas, lo primero que se debe tener en cuenta es qu\u00e9 potencia contratar. \u00c9sta equivale a la cantidad de energ\u00eda trasferida en la unidad de tiempo y normalmente aparece indicada (en vatios o kilovatios) en las placas de los propios electrodom\u00e9sticos o en sus [&hellip;]","og_url":"https:\/\/www.gfima.es\/?p=753","og_site_name":"Gfima","article_publisher":"https:\/\/www.facebook.com\/GfimaInmobiliaria","article_published_time":"2023-06-22T07:09:17+00:00","article_modified_time":"2025-02-21T11:47:45+00:00","og_image":[{"width":676,"height":270,"url":"https:\/\/www.gfima.es\/wp-content\/uploads\/2023\/06\/noticia_310320161219.jpg","type":"image\/jpeg"}],"author":"gfima","twitter_card":"summary_large_image","twitter_creator":"@teamhost","twitter_misc":{"Escrito por":"gfima","Tiempo de lectura":"3 minutos"},"schema":{"@context":"https:\/\/schema.org","@graph":[{"@type":"Article","@id":"https:\/\/www.gfima.es\/?p=753#article","isPartOf":{"@id":"https:\/\/www.gfima.es\/?p=753"},"author":{"name":"gfima","@id":"https:\/\/www.gfima.es\/#\/schema\/person\/bed7acc555b4b94c632313b65701788b"},"headline":"\u00bfQu\u00e9 potencia de luz y gas contratar?","datePublished":"2023-06-22T07:09:17+00:00","dateModified":"2025-02-21T11:47:45+00:00","mainEntityOfPage":{"@id":"https:\/\/www.gfima.es\/?p=753"},"wordCount":638,"publisher":{"@id":"https:\/\/www.gfima.es\/#organization"},"image":{"@id":"https:\/\/www.gfima.es\/?p=753#primaryimage"},"thumbnailUrl":"https:\/\/www.gfima.es\/wp-content\/uploads\/2023\/06\/noticia_310320161219.jpg","inLanguage":"es"},{"@type":"WebPage","@id":"https:\/\/www.gfima.es\/?p=753","url":"https:\/\/www.gfima.es\/?p=753","name":"\u00bfQu\u00e9 potencia de luz y gas contratar? - Gfima","isPartOf":{"@id":"https:\/\/www.gfima.es\/#website"},"primaryImageOfPage":{"@id":"https:\/\/www.gfima.es\/?p=753#primaryimage"},"image":{"@id":"https:\/\/www.gfima.es\/?p=753#primaryimage"},"thumbnailUrl":"https:\/\/www.gfima.es\/wp-content\/uploads\/2023\/06\/noticia_310320161219.jpg","datePublished":"2023-06-22T07:09:17+00:00","dateModified":"2025-02-21T11:47:45+00:00","breadcrumb":{"@id":"https:\/\/www.gfima.es\/?p=753#breadcrumb"},"inLanguage":"es","potentialAction":[{"@type":"ReadAction","target":["https:\/\/www.gfima.es\/?p=753"]}]},{"@type":"ImageObject","inLanguage":"es","@id":"https:\/\/www.gfima.es\/?p=753#primaryimage","url":"https:\/\/www.gfima.es\/wp-content\/uploads\/2023\/06\/noticia_310320161219.jpg","contentUrl":"https:\/\/www.gfima.es\/wp-content\/uploads\/2023\/06\/noticia_310320161219.jpg","width":676,"height":270},{"@type":"BreadcrumbList","@id":"https:\/\/www.gfima.es\/?p=753#breadcrumb","itemListElement":[{"@type":"ListItem","position":1,"name":"Portada","item":"https:\/\/www.gfima.es\/"},{"@type":"ListItem","position":2,"name":"\u00bfQu\u00e9 potencia de luz y gas contratar?"}]},{"@type":"WebSite","@id":"https:\/\/www.gfima.es\/#website","url":"https:\/\/www.gfima.es\/","name":"Gfima","description":"Agencia inmobiliaria","publisher":{"@id":"https:\/\/www.gfima.es\/#organization"},"potentialAction":[{"@type":"SearchAction","target":{"@type":"EntryPoint","urlTemplate":"https:\/\/www.gfima.es\/?s={search_term_string}"},"query-input":{"@type":"PropertyValueSpecification","valueRequired":true,"valueName":"search_term_string"}}],"inLanguage":"es"},{"@type":"Organization","@id":"https:\/\/www.gfima.es\/#organization","name":"Gfima inmobiliaria","url":"https:\/\/www.gfima.es\/","logo":{"@type":"ImageObject","inLanguage":"es","@id":"https:\/\/www.gfima.es\/#\/schema\/logo\/image\/","url":"https:\/\/www.gfima.es\/wp-content\/uploads\/2023\/04\/LogoGfima.png","contentUrl":"https:\/\/www.gfima.es\/wp-content\/uploads\/2023\/04\/LogoGfima.png","width":1630,"height":925,"caption":"Gfima inmobiliaria"},"image":{"@id":"https:\/\/www.gfima.es\/#\/schema\/logo\/image\/"},"sameAs":["https:\/\/www.facebook.com\/GfimaInmobiliaria","https:\/\/www.instagram.com\/gfima_inmobiliaria"]},{"@type":"Person","@id":"https:\/\/www.gfima.es\/#\/schema\/person\/bed7acc555b4b94c632313b65701788b","name":"gfima","image":{"@type":"ImageObject","inLanguage":"es","@id":"https:\/\/secure.gravatar.com\/avatar\/6ca37e63e5d1de57514ad0d3c170b2985e0db68fefd27e54d92deccc468070d8?s=96&d=mm&r=g","url":"https:\/\/secure.gravatar.com\/avatar\/6ca37e63e5d1de57514ad0d3c170b2985e0db68fefd27e54d92deccc468070d8?s=96&d=mm&r=g","contentUrl":"https:\/\/secure.gravatar.com\/avatar\/6ca37e63e5d1de57514ad0d3c170b2985e0db68fefd27e54d92deccc468070d8?s=96&d=mm&r=g","caption":"gfima"},"sameAs":["https:\/\/x.com\/teamhost"],"url":"https:\/\/www.gfima.es\/?author=3"}]}},"_links":{"self":[{"href":"https:\/\/www.gfima.es\/index.php?rest_route=\/wp\/v2\/posts\/753","targetHints":{"allow":["GET"]}}],"collection":[{"href":"https:\/\/www.gfima.es\/index.php?rest_route=\/wp\/v2\/posts"}],"about":[{"href":"https:\/\/www.gfima.es\/index.php?rest_route=\/wp\/v2\/types\/post"}],"author":[{"embeddable":true,"href":"https:\/\/www.gfima.es\/index.php?rest_route=\/wp\/v2\/users\/3"}],"replies":[{"embeddable":true,"href":"https:\/\/www.gfima.es\/index.php?rest_route=%2Fwp%2Fv2%2Fcomments&post=753"}],"version-history":[{"count":1,"href":"https:\/\/www.gfima.es\/index.php?rest_route=\/wp\/v2\/posts\/753\/revisions"}],"predecessor-version":[{"id":755,"href":"https:\/\/www.gfima.es\/index.php?rest_route=\/wp\/v2\/posts\/753\/revisions\/755"}],"wp:featuredmedia":[{"embeddable":true,"href":"https:\/\/www.gfima.es\/index.php?rest_route=\/wp\/v2\/media\/754"}],"wp:attachment":[{"href":"https:\/\/www.gfima.es\/index.php?rest_route=%2Fwp%2Fv2%2Fmedia&parent=753"}],"wp:term":[{"taxonomy":"category","embeddable":true,"href":"https:\/\/www.gfima.es\/index.php?rest_route=%2Fwp%2Fv2%2Fcategories&post=753"},{"taxonomy":"post_tag","embeddable":true,"href":"https:\/\/www.gfima.es\/index.php?rest_route=%2Fwp%2Fv2%2Ftags&post=753"}],"curies":[{"name":"wp","href":"https:\/\/api.w.org\/{rel}","templated":true}]}}