{"id":5377,"date":"2026-01-23T18:13:19","date_gmt":"2026-01-23T17:13:19","guid":{"rendered":"https:\/\/www.gfima.es\/?p=5377"},"modified":"2026-01-23T18:13:20","modified_gmt":"2026-01-23T17:13:20","slug":"tendencias-en-decoracion-de-interiores-para-2026-en-ciudad-real-como-revalorizar-tu-vivienda","status":"publish","type":"post","link":"https:\/\/www.gfima.es\/?p=5377","title":{"rendered":"Tendencias en decoraci\u00f3n de interiores para 2026 en Ciudad Real: c\u00f3mo revalorizar tu vivienda"},"content":{"rendered":"\n<p>La decoraci\u00f3n de interiores ya no es solo una cuesti\u00f3n est\u00e9tica. En 2026, en un mercado como el de Ciudad Real, se ha convertido en una <strong>herramienta clave para aumentar el valor de una vivienda y reducir los plazos de venta o alquiler<\/strong>.<\/p>\n\n\n\n<p>Compradores e inquilinos buscan hogares funcionales, luminosos y con personalidad. Estas son las <strong>tendencias en decoraci\u00f3n de interiores para 2026<\/strong> que mejor funcionan en pisos y casas de Ciudad Real.<\/p>\n\n\n\n<h2 class=\"wp-block-heading\">1. Materiales naturales que conectan con el estilo de vida de Ciudad Real<\/h2>\n\n\n\n<p>Las viviendas que transmiten calidez y autenticidad generan m\u00e1s inter\u00e9s en las visitas. En 2026 destacan:<\/p>\n\n\n\n<ul class=\"wp-block-list\">\n<li>Madera natural y tonos claros<\/li>\n\n\n\n<li>Piedra, cer\u00e1mica y microcemento<\/li>\n\n\n\n<li>Textiles como lino y algod\u00f3n<\/li>\n<\/ul>\n\n\n\n<figure class=\"wp-block-image size-large\"><img fetchpriority=\"high\" decoding=\"async\" width=\"1024\" height=\"576\" src=\"https:\/\/www.gfima.es\/wp-content\/uploads\/2026\/01\/image-8-1024x576.png\" alt=\"\" class=\"wp-image-5382\" srcset=\"https:\/\/www.gfima.es\/wp-content\/uploads\/2026\/01\/image-8-1024x576.png 1024w, https:\/\/www.gfima.es\/wp-content\/uploads\/2026\/01\/image-8-300x169.png 300w, https:\/\/www.gfima.es\/wp-content\/uploads\/2026\/01\/image-8-768x432.png 768w, https:\/\/www.gfima.es\/wp-content\/uploads\/2026\/01\/image-8.png 1200w\" sizes=\"(max-width: 1024px) 100vw, 1024px\" \/><\/figure>\n\n\n\n<p>Este tipo de materiales encajan especialmente bien en pisos urbanos, viviendas reformadas y casas unifamiliares de Ciudad Real, donde se valora la sensaci\u00f3n de hogar por encima de lo puramente decorativo.<\/p>\n\n\n\n<hr class=\"wp-block-separator has-alpha-channel-opacity\"\/>\n\n\n\n<h2 class=\"wp-block-heading\">2. Minimalismo c\u00e1lido: la clave para vender m\u00e1s r\u00e1pido<\/h2>\n\n\n\n<p>En Ciudad Real, los compradores buscan espacios:<\/p>\n\n\n\n<ul class=\"wp-block-list\">\n<li>Luminosos<\/li>\n\n\n\n<li>Ordenados<\/li>\n\n\n\n<li>F\u00e1ciles de imaginar como propios<\/li>\n<\/ul>\n\n\n\n<figure class=\"wp-block-image size-large\"><img decoding=\"async\" width=\"1024\" height=\"683\" src=\"https:\/\/www.gfima.es\/wp-content\/uploads\/2026\/01\/image-7-1024x683.png\" alt=\"\" class=\"wp-image-5381\" srcset=\"https:\/\/www.gfima.es\/wp-content\/uploads\/2026\/01\/image-7-1024x683.png 1024w, https:\/\/www.gfima.es\/wp-content\/uploads\/2026\/01\/image-7-300x200.png 300w, https:\/\/www.gfima.es\/wp-content\/uploads\/2026\/01\/image-7-768x512.png 768w, https:\/\/www.gfima.es\/wp-content\/uploads\/2026\/01\/image-7.png 1200w\" sizes=\"(max-width: 1024px) 100vw, 1024px\" \/><\/figure>\n\n\n\n<p>El minimalismo c\u00e1lido apuesta por menos muebles, colores neutros adaptados a la luz local y una distribuci\u00f3n que ampl\u00eda visualmente la vivienda.<br>Resultado: <strong>mejor primera impresi\u00f3n y menos negociaci\u00f3n<\/strong>.<\/p>\n\n\n\n<hr class=\"wp-block-separator has-alpha-channel-opacity\"\/>\n\n\n\n<h2 class=\"wp-block-heading\">3. Curvas y formas org\u00e1nicas que hacen las viviendas m\u00e1s acogedoras<\/h2>\n\n\n\n<p>Sof\u00e1s curvos, mesas redondeadas y espejos org\u00e1nicos est\u00e1n ganando protagonismo en las reformas recientes de Ciudad Real.<br>Estas formas suavizan los espacios y aportan modernidad sin perder elegancia, algo muy valorado en viviendas de tama\u00f1o medio.<\/p>\n\n\n\n<figure class=\"wp-block-image size-full\"><img decoding=\"async\" width=\"800\" height=\"533\" src=\"https:\/\/www.gfima.es\/wp-content\/uploads\/2026\/01\/image-4.png\" alt=\"\" class=\"wp-image-5378\" srcset=\"https:\/\/www.gfima.es\/wp-content\/uploads\/2026\/01\/image-4.png 800w, https:\/\/www.gfima.es\/wp-content\/uploads\/2026\/01\/image-4-300x200.png 300w, https:\/\/www.gfima.es\/wp-content\/uploads\/2026\/01\/image-4-768x512.png 768w\" sizes=\"(max-width: 800px) 100vw, 800px\" \/><\/figure>\n\n\n\n<p>Adem\u00e1s, funcionan especialmente bien en fotograf\u00eda inmobiliaria.<\/p>\n\n\n\n<hr class=\"wp-block-separator has-alpha-channel-opacity\"\/>\n\n\n\n<h2 class=\"wp-block-heading\">4. Colores que mejor funcionan en viviendas de Ciudad Real<\/h2>\n\n\n\n<p>Las tendencias crom\u00e1ticas de 2026 se adaptan muy bien al tipo de luz de la zona:<\/p>\n\n\n\n<ul class=\"wp-block-list\">\n<li>Arena y beige c\u00e1lido<\/li>\n\n\n\n<li>Verde oliva y salvia<\/li>\n\n\n\n<li>Terracota suave<\/li>\n\n\n\n<li>Azul desaturado<\/li>\n<\/ul>\n\n\n\n<p>Son colores que transmiten calma, amplitud y permanencia, cualidades clave para atraer compradores locales.<\/p>\n\n\n\n<hr class=\"wp-block-separator has-alpha-channel-opacity\"\/>\n\n\n\n<h2 class=\"wp-block-heading\">5. Sostenibilidad real que suma valor<\/h2>\n\n\n\n<p>Cada vez m\u00e1s personas en Ciudad Real preguntan por:<\/p>\n\n\n\n<ul class=\"wp-block-list\">\n<li>Iluminaci\u00f3n LED<\/li>\n\n\n\n<li>Materiales duraderos<\/li>\n\n\n\n<li>Reformas eficientes<\/li>\n<\/ul>\n\n\n\n<figure class=\"wp-block-image size-large\"><img loading=\"lazy\" decoding=\"async\" width=\"1024\" height=\"573\" src=\"https:\/\/www.gfima.es\/wp-content\/uploads\/2026\/01\/image-5-1024x573.png\" alt=\"\" class=\"wp-image-5379\" srcset=\"https:\/\/www.gfima.es\/wp-content\/uploads\/2026\/01\/image-5-1024x573.png 1024w, https:\/\/www.gfima.es\/wp-content\/uploads\/2026\/01\/image-5-300x168.png 300w, https:\/\/www.gfima.es\/wp-content\/uploads\/2026\/01\/image-5-768x430.png 768w, https:\/\/www.gfima.es\/wp-content\/uploads\/2026\/01\/image-5.png 1200w\" sizes=\"(max-width: 1024px) 100vw, 1024px\" \/><\/figure>\n\n\n\n<p>La sostenibilidad ya no es un extra, sino un <strong>factor de decisi\u00f3n<\/strong>, especialmente en viviendas familiares y compradores que buscan largo plazo.<\/p>\n\n\n\n<hr class=\"wp-block-separator has-alpha-channel-opacity\"\/>\n\n\n\n<h2 class=\"wp-block-heading\">6. Espacios flexibles para nuevas formas de vivir<\/h2>\n\n\n\n<p>El teletrabajo y los cambios en el estilo de vida han hecho que se valoren mucho:<\/p>\n\n\n\n<ul class=\"wp-block-list\">\n<li>Estancias polivalentes<\/li>\n\n\n\n<li>Zonas de trabajo en casa<\/li>\n\n\n\n<li>Muebles modulares<\/li>\n<\/ul>\n\n\n\n<figure class=\"wp-block-image size-large\"><img loading=\"lazy\" decoding=\"async\" width=\"1024\" height=\"576\" src=\"https:\/\/www.gfima.es\/wp-content\/uploads\/2026\/01\/image-6-1024x576.png\" alt=\"\" class=\"wp-image-5380\" srcset=\"https:\/\/www.gfima.es\/wp-content\/uploads\/2026\/01\/image-6-1024x576.png 1024w, https:\/\/www.gfima.es\/wp-content\/uploads\/2026\/01\/image-6-300x169.png 300w, https:\/\/www.gfima.es\/wp-content\/uploads\/2026\/01\/image-6-768x432.png 768w, https:\/\/www.gfima.es\/wp-content\/uploads\/2026\/01\/image-6.png 1200w\" sizes=\"(max-width: 1024px) 100vw, 1024px\" \/><\/figure>\n\n\n\n<p>Una vivienda flexible ampl\u00eda el perfil de comprador o inquilino en Ciudad Real y mejora su competitividad frente a otras similares.<\/p>\n\n\n\n<hr class=\"wp-block-separator has-alpha-channel-opacity\"\/>\n\n\n\n<h2 class=\"wp-block-heading\">7. Personalidad sin excesos: el equilibrio que mejor vende<\/h2>\n\n\n\n<p>Las viviendas con car\u00e1cter destacan m\u00e1s en portales inmobiliarios y visitas.<br>Arte, textiles y detalles decorativos bien seleccionados aportan personalidad sin sobrecargar, algo fundamental para no limitar el p\u00fablico objetivo.<\/p>\n\n\n\n<hr class=\"wp-block-separator has-alpha-channel-opacity\"\/>\n\n\n\n<h2 class=\"wp-block-heading\">Conclusi\u00f3n: decorar bien tambi\u00e9n es una estrategia inmobiliaria en Ciudad Real<\/h2>\n\n\n\n<p>Aplicar las tendencias de decoraci\u00f3n de interiores en 2026 no significa gastar m\u00e1s, sino <strong>invertir con criterio<\/strong>.<br>En Ciudad Real, una vivienda bien presentada:<\/p>\n\n\n\n<ul class=\"wp-block-list\">\n<li>Se vende o alquila antes<\/li>\n\n\n\n<li>Genera m\u00e1s inter\u00e9s online<\/li>\n\n\n\n<li>Mejora la percepci\u00f3n del precio<\/li>\n<\/ul>\n\n\n\n<p>Si est\u00e1s pensando en vender, alquilar o reformar tu vivienda en Ciudad Real, adaptar la decoraci\u00f3n a estas tendencias puede marcar la diferencia entre competir por precio o hacerlo por valor.<\/p>\n\n\n\n<hr class=\"wp-block-separator has-alpha-channel-opacity\"\/>\n\n\n\n<h3 class=\"wp-block-heading\">\ud83d\udc49 Asesoramiento inmobiliario en Ciudad Real<\/h3>\n\n\n\n<p>Si quieres saber c\u00f3mo preparar tu vivienda en <strong>Ciudad Real<\/strong> para vender o alquilar mejor, puedo ayudarte a analizarla y definir qu\u00e9 mejoras realmente merecen la pena.<\/p>\n","protected":false},"excerpt":{"rendered":"<p>La decoraci\u00f3n de interiores ya no es solo una cuesti\u00f3n est\u00e9tica. En 2026, en un mercado como el de Ciudad Real, se ha convertido en una herramienta clave para aumentar el valor de una vivienda y reducir los plazos de venta o alquiler. Compradores e inquilinos buscan hogares funcionales, luminosos y con personalidad. Estas son [&hellip;]<\/p>\n","protected":false},"author":3,"featured_media":5383,"comment_status":"closed","ping_status":"closed","sticky":false,"template":"","format":"standard","meta":{"site-sidebar-layout":"default","site-content-layout":"","ast-site-content-layout":"default","site-content-style":"default","site-sidebar-style":"default","ast-global-header-display":"","ast-banner-title-visibility":"","ast-main-header-display":"","ast-hfb-above-header-display":"","ast-hfb-below-header-display":"","ast-hfb-mobile-header-display":"","site-post-title":"","ast-breadcrumbs-content":"","ast-featured-img":"","footer-sml-layout":"","ast-disable-related-posts":"","theme-transparent-header-meta":"","adv-header-id-meta":"","stick-header-meta":"","header-above-stick-meta":"","header-main-stick-meta":"","header-below-stick-meta":"","astra-migrate-meta-layouts":"set","ast-page-background-enabled":"default","ast-page-background-meta":{"desktop":{"background-color":"var(--ast-global-color-4)","background-image":"","background-repeat":"repeat","background-position":"center center","background-size":"auto","background-attachment":"scroll","background-type":"","background-media":"","overlay-type":"","overlay-color":"","overlay-opacity":"","overlay-gradient":""},"tablet":{"background-color":"","background-image":"","background-repeat":"repeat","background-position":"center center","background-size":"auto","background-attachment":"scroll","background-type":"","background-media":"","overlay-type":"","overlay-color":"","overlay-opacity":"","overlay-gradient":""},"mobile":{"background-color":"","background-image":"","background-repeat":"repeat","background-position":"center center","background-size":"auto","background-attachment":"scroll","background-type":"","background-media":"","overlay-type":"","overlay-color":"","overlay-opacity":"","overlay-gradient":""}},"ast-content-background-meta":{"desktop":{"background-color":"var(--ast-global-color-5)","background-image":"","background-repeat":"repeat","background-position":"center center","background-size":"auto","background-attachment":"scroll","background-type":"","background-media":"","overlay-type":"","overlay-color":"","overlay-opacity":"","overlay-gradient":""},"tablet":{"background-color":"var(--ast-global-color-5)","background-image":"","background-repeat":"repeat","background-position":"center center","background-size":"auto","background-attachment":"scroll","background-type":"","background-media":"","overlay-type":"","overlay-color":"","overlay-opacity":"","overlay-gradient":""},"mobile":{"background-color":"var(--ast-global-color-5)","background-image":"","background-repeat":"repeat","background-position":"center center","background-size":"auto","background-attachment":"scroll","background-type":"","background-media":"","overlay-type":"","overlay-color":"","overlay-opacity":"","overlay-gradient":""}},"_joinchat":[],"footnotes":""},"categories":[17,1,19],"tags":[28,26,29,27,32,30,25],"class_list":["post-5377","post","type-post","status-publish","format-standard","has-post-thumbnail","hentry","category-actualidad","category-sin-categoria","category-tu-hogar","tag-casas","tag-ciudad-real","tag-comprar","tag-pisos","tag-tomelloso","tag-vender","tag-vivienda"],"yoast_head":"<!-- This site is optimized with the Yoast SEO plugin v27.5 - https:\/\/yoast.com\/product\/yoast-seo-wordpress\/ -->\n<title>Tendencias en decoraci\u00f3n de interiores 2026 en Ciudad Real | Viviendas<\/title>\n<meta name=\"description\" content=\"Descubre las tendencias en decoraci\u00f3n de interiores para 2026 en Ciudad Real y c\u00f3mo preparar tu vivienda para vender o alquilar mejor.\" \/>\n<meta name=\"robots\" content=\"index, follow, max-snippet:-1, max-image-preview:large, max-video-preview:-1\" \/>\n<link rel=\"canonical\" href=\"https:\/\/www.gfima.es\/?p=5377\" \/>\n<meta property=\"og:locale\" content=\"es_ES\" \/>\n<meta property=\"og:type\" content=\"article\" \/>\n<meta property=\"og:title\" content=\"Tendencias en decoraci\u00f3n de interiores 2026 en Ciudad Real | Viviendas\" \/>\n<meta property=\"og:description\" content=\"Descubre las tendencias en decoraci\u00f3n de interiores para 2026 en Ciudad Real y c\u00f3mo preparar tu vivienda para vender o alquilar mejor.\" \/>\n<meta property=\"og:url\" content=\"https:\/\/www.gfima.es\/?p=5377\" \/>\n<meta property=\"og:site_name\" content=\"Gfima\" \/>\n<meta property=\"article:publisher\" content=\"https:\/\/www.facebook.com\/GfimaInmobiliaria\" \/>\n<meta property=\"article:published_time\" content=\"2026-01-23T17:13:19+00:00\" \/>\n<meta property=\"article:modified_time\" content=\"2026-01-23T17:13:20+00:00\" \/>\n<meta property=\"og:image\" content=\"https:\/\/www.gfima.es\/wp-content\/uploads\/2026\/01\/redes-23012026.jpg\" \/>\n\t<meta property=\"og:image:width\" content=\"1024\" \/>\n\t<meta property=\"og:image:height\" content=\"684\" \/>\n\t<meta property=\"og:image:type\" content=\"image\/jpeg\" \/>\n<meta name=\"author\" content=\"gfima\" \/>\n<meta name=\"twitter:card\" content=\"summary_large_image\" \/>\n<meta name=\"twitter:creator\" content=\"@teamhost\" \/>\n<meta name=\"twitter:label1\" content=\"Escrito por\" \/>\n\t<meta name=\"twitter:data1\" content=\"gfima\" \/>\n\t<meta name=\"twitter:label2\" content=\"Tiempo de lectura\" \/>\n\t<meta name=\"twitter:data2\" content=\"4 minutos\" \/>\n<script type=\"application\/ld+json\" class=\"yoast-schema-graph\">{\"@context\":\"https:\\\/\\\/schema.org\",\"@graph\":[{\"@type\":\"Article\",\"@id\":\"https:\\\/\\\/www.gfima.es\\\/?p=5377#article\",\"isPartOf\":{\"@id\":\"https:\\\/\\\/www.gfima.es\\\/?p=5377\"},\"author\":{\"name\":\"gfima\",\"@id\":\"https:\\\/\\\/www.gfima.es\\\/#\\\/schema\\\/person\\\/bed7acc555b4b94c632313b65701788b\"},\"headline\":\"Tendencias en decoraci\u00f3n de interiores para 2026 en Ciudad Real: c\u00f3mo revalorizar tu vivienda\",\"datePublished\":\"2026-01-23T17:13:19+00:00\",\"dateModified\":\"2026-01-23T17:13:20+00:00\",\"mainEntityOfPage\":{\"@id\":\"https:\\\/\\\/www.gfima.es\\\/?p=5377\"},\"wordCount\":601,\"publisher\":{\"@id\":\"https:\\\/\\\/www.gfima.es\\\/#organization\"},\"image\":{\"@id\":\"https:\\\/\\\/www.gfima.es\\\/?p=5377#primaryimage\"},\"thumbnailUrl\":\"https:\\\/\\\/www.gfima.es\\\/wp-content\\\/uploads\\\/2026\\\/01\\\/redes-23012026.jpg\",\"keywords\":[\"casas\",\"ciudad real\",\"comprar\",\"pisos\",\"tomelloso\",\"vender\",\"vivienda\"],\"articleSection\":{\"0\":\"Actualidad\",\"2\":\"Tu hogar\"},\"inLanguage\":\"es\"},{\"@type\":\"WebPage\",\"@id\":\"https:\\\/\\\/www.gfima.es\\\/?p=5377\",\"url\":\"https:\\\/\\\/www.gfima.es\\\/?p=5377\",\"name\":\"Tendencias en decoraci\u00f3n de interiores 2026 en Ciudad Real | Viviendas\",\"isPartOf\":{\"@id\":\"https:\\\/\\\/www.gfima.es\\\/#website\"},\"primaryImageOfPage\":{\"@id\":\"https:\\\/\\\/www.gfima.es\\\/?p=5377#primaryimage\"},\"image\":{\"@id\":\"https:\\\/\\\/www.gfima.es\\\/?p=5377#primaryimage\"},\"thumbnailUrl\":\"https:\\\/\\\/www.gfima.es\\\/wp-content\\\/uploads\\\/2026\\\/01\\\/redes-23012026.jpg\",\"datePublished\":\"2026-01-23T17:13:19+00:00\",\"dateModified\":\"2026-01-23T17:13:20+00:00\",\"description\":\"Descubre las tendencias en decoraci\u00f3n de interiores para 2026 en Ciudad Real y c\u00f3mo preparar tu vivienda para vender o alquilar mejor.\",\"breadcrumb\":{\"@id\":\"https:\\\/\\\/www.gfima.es\\\/?p=5377#breadcrumb\"},\"inLanguage\":\"es\",\"potentialAction\":[{\"@type\":\"ReadAction\",\"target\":[\"https:\\\/\\\/www.gfima.es\\\/?p=5377\"]}]},{\"@type\":\"ImageObject\",\"inLanguage\":\"es\",\"@id\":\"https:\\\/\\\/www.gfima.es\\\/?p=5377#primaryimage\",\"url\":\"https:\\\/\\\/www.gfima.es\\\/wp-content\\\/uploads\\\/2026\\\/01\\\/redes-23012026.jpg\",\"contentUrl\":\"https:\\\/\\\/www.gfima.es\\\/wp-content\\\/uploads\\\/2026\\\/01\\\/redes-23012026.jpg\",\"width\":1024,\"height\":684},{\"@type\":\"BreadcrumbList\",\"@id\":\"https:\\\/\\\/www.gfima.es\\\/?p=5377#breadcrumb\",\"itemListElement\":[{\"@type\":\"ListItem\",\"position\":1,\"name\":\"Portada\",\"item\":\"https:\\\/\\\/www.gfima.es\\\/\"},{\"@type\":\"ListItem\",\"position\":2,\"name\":\"Tendencias en decoraci\u00f3n de interiores para 2026 en Ciudad Real: c\u00f3mo revalorizar tu vivienda\"}]},{\"@type\":\"WebSite\",\"@id\":\"https:\\\/\\\/www.gfima.es\\\/#website\",\"url\":\"https:\\\/\\\/www.gfima.es\\\/\",\"name\":\"Gfima\",\"description\":\"Agencia inmobiliaria\",\"publisher\":{\"@id\":\"https:\\\/\\\/www.gfima.es\\\/#organization\"},\"potentialAction\":[{\"@type\":\"SearchAction\",\"target\":{\"@type\":\"EntryPoint\",\"urlTemplate\":\"https:\\\/\\\/www.gfima.es\\\/?s={search_term_string}\"},\"query-input\":{\"@type\":\"PropertyValueSpecification\",\"valueRequired\":true,\"valueName\":\"search_term_string\"}}],\"inLanguage\":\"es\"},{\"@type\":\"Organization\",\"@id\":\"https:\\\/\\\/www.gfima.es\\\/#organization\",\"name\":\"Gfima inmobiliaria\",\"url\":\"https:\\\/\\\/www.gfima.es\\\/\",\"logo\":{\"@type\":\"ImageObject\",\"inLanguage\":\"es\",\"@id\":\"https:\\\/\\\/www.gfima.es\\\/#\\\/schema\\\/logo\\\/image\\\/\",\"url\":\"https:\\\/\\\/www.gfima.es\\\/wp-content\\\/uploads\\\/2023\\\/04\\\/LogoGfima.png\",\"contentUrl\":\"https:\\\/\\\/www.gfima.es\\\/wp-content\\\/uploads\\\/2023\\\/04\\\/LogoGfima.png\",\"width\":1630,\"height\":925,\"caption\":\"Gfima inmobiliaria\"},\"image\":{\"@id\":\"https:\\\/\\\/www.gfima.es\\\/#\\\/schema\\\/logo\\\/image\\\/\"},\"sameAs\":[\"https:\\\/\\\/www.facebook.com\\\/GfimaInmobiliaria\",\"https:\\\/\\\/www.instagram.com\\\/gfima_inmobiliaria\"]},{\"@type\":\"Person\",\"@id\":\"https:\\\/\\\/www.gfima.es\\\/#\\\/schema\\\/person\\\/bed7acc555b4b94c632313b65701788b\",\"name\":\"gfima\",\"image\":{\"@type\":\"ImageObject\",\"inLanguage\":\"es\",\"@id\":\"https:\\\/\\\/secure.gravatar.com\\\/avatar\\\/6ca37e63e5d1de57514ad0d3c170b2985e0db68fefd27e54d92deccc468070d8?s=96&d=mm&r=g\",\"url\":\"https:\\\/\\\/secure.gravatar.com\\\/avatar\\\/6ca37e63e5d1de57514ad0d3c170b2985e0db68fefd27e54d92deccc468070d8?s=96&d=mm&r=g\",\"contentUrl\":\"https:\\\/\\\/secure.gravatar.com\\\/avatar\\\/6ca37e63e5d1de57514ad0d3c170b2985e0db68fefd27e54d92deccc468070d8?s=96&d=mm&r=g\",\"caption\":\"gfima\"},\"sameAs\":[\"https:\\\/\\\/x.com\\\/teamhost\"],\"url\":\"https:\\\/\\\/www.gfima.es\\\/?author=3\"}]}<\/script>\n<!-- \/ Yoast SEO plugin. -->","yoast_head_json":{"title":"Tendencias en decoraci\u00f3n de interiores 2026 en Ciudad Real | Viviendas","description":"Descubre las tendencias en decoraci\u00f3n de interiores para 2026 en Ciudad Real y c\u00f3mo preparar tu vivienda para vender o alquilar mejor.","robots":{"index":"index","follow":"follow","max-snippet":"max-snippet:-1","max-image-preview":"max-image-preview:large","max-video-preview":"max-video-preview:-1"},"canonical":"https:\/\/www.gfima.es\/?p=5377","og_locale":"es_ES","og_type":"article","og_title":"Tendencias en decoraci\u00f3n de interiores 2026 en Ciudad Real | Viviendas","og_description":"Descubre las tendencias en decoraci\u00f3n de interiores para 2026 en Ciudad Real y c\u00f3mo preparar tu vivienda para vender o alquilar mejor.","og_url":"https:\/\/www.gfima.es\/?p=5377","og_site_name":"Gfima","article_publisher":"https:\/\/www.facebook.com\/GfimaInmobiliaria","article_published_time":"2026-01-23T17:13:19+00:00","article_modified_time":"2026-01-23T17:13:20+00:00","og_image":[{"width":1024,"height":684,"url":"https:\/\/www.gfima.es\/wp-content\/uploads\/2026\/01\/redes-23012026.jpg","type":"image\/jpeg"}],"author":"gfima","twitter_card":"summary_large_image","twitter_creator":"@teamhost","twitter_misc":{"Escrito por":"gfima","Tiempo de lectura":"4 minutos"},"schema":{"@context":"https:\/\/schema.org","@graph":[{"@type":"Article","@id":"https:\/\/www.gfima.es\/?p=5377#article","isPartOf":{"@id":"https:\/\/www.gfima.es\/?p=5377"},"author":{"name":"gfima","@id":"https:\/\/www.gfima.es\/#\/schema\/person\/bed7acc555b4b94c632313b65701788b"},"headline":"Tendencias en decoraci\u00f3n de interiores para 2026 en Ciudad Real: c\u00f3mo revalorizar tu vivienda","datePublished":"2026-01-23T17:13:19+00:00","dateModified":"2026-01-23T17:13:20+00:00","mainEntityOfPage":{"@id":"https:\/\/www.gfima.es\/?p=5377"},"wordCount":601,"publisher":{"@id":"https:\/\/www.gfima.es\/#organization"},"image":{"@id":"https:\/\/www.gfima.es\/?p=5377#primaryimage"},"thumbnailUrl":"https:\/\/www.gfima.es\/wp-content\/uploads\/2026\/01\/redes-23012026.jpg","keywords":["casas","ciudad real","comprar","pisos","tomelloso","vender","vivienda"],"articleSection":{"0":"Actualidad","2":"Tu hogar"},"inLanguage":"es"},{"@type":"WebPage","@id":"https:\/\/www.gfima.es\/?p=5377","url":"https:\/\/www.gfima.es\/?p=5377","name":"Tendencias en decoraci\u00f3n de interiores 2026 en Ciudad Real | Viviendas","isPartOf":{"@id":"https:\/\/www.gfima.es\/#website"},"primaryImageOfPage":{"@id":"https:\/\/www.gfima.es\/?p=5377#primaryimage"},"image":{"@id":"https:\/\/www.gfima.es\/?p=5377#primaryimage"},"thumbnailUrl":"https:\/\/www.gfima.es\/wp-content\/uploads\/2026\/01\/redes-23012026.jpg","datePublished":"2026-01-23T17:13:19+00:00","dateModified":"2026-01-23T17:13:20+00:00","description":"Descubre las tendencias en decoraci\u00f3n de interiores para 2026 en Ciudad Real y c\u00f3mo preparar tu vivienda para vender o alquilar mejor.","breadcrumb":{"@id":"https:\/\/www.gfima.es\/?p=5377#breadcrumb"},"inLanguage":"es","potentialAction":[{"@type":"ReadAction","target":["https:\/\/www.gfima.es\/?p=5377"]}]},{"@type":"ImageObject","inLanguage":"es","@id":"https:\/\/www.gfima.es\/?p=5377#primaryimage","url":"https:\/\/www.gfima.es\/wp-content\/uploads\/2026\/01\/redes-23012026.jpg","contentUrl":"https:\/\/www.gfima.es\/wp-content\/uploads\/2026\/01\/redes-23012026.jpg","width":1024,"height":684},{"@type":"BreadcrumbList","@id":"https:\/\/www.gfima.es\/?p=5377#breadcrumb","itemListElement":[{"@type":"ListItem","position":1,"name":"Portada","item":"https:\/\/www.gfima.es\/"},{"@type":"ListItem","position":2,"name":"Tendencias en decoraci\u00f3n de interiores para 2026 en Ciudad Real: c\u00f3mo revalorizar tu vivienda"}]},{"@type":"WebSite","@id":"https:\/\/www.gfima.es\/#website","url":"https:\/\/www.gfima.es\/","name":"Gfima","description":"Agencia inmobiliaria","publisher":{"@id":"https:\/\/www.gfima.es\/#organization"},"potentialAction":[{"@type":"SearchAction","target":{"@type":"EntryPoint","urlTemplate":"https:\/\/www.gfima.es\/?s={search_term_string}"},"query-input":{"@type":"PropertyValueSpecification","valueRequired":true,"valueName":"search_term_string"}}],"inLanguage":"es"},{"@type":"Organization","@id":"https:\/\/www.gfima.es\/#organization","name":"Gfima inmobiliaria","url":"https:\/\/www.gfima.es\/","logo":{"@type":"ImageObject","inLanguage":"es","@id":"https:\/\/www.gfima.es\/#\/schema\/logo\/image\/","url":"https:\/\/www.gfima.es\/wp-content\/uploads\/2023\/04\/LogoGfima.png","contentUrl":"https:\/\/www.gfima.es\/wp-content\/uploads\/2023\/04\/LogoGfima.png","width":1630,"height":925,"caption":"Gfima inmobiliaria"},"image":{"@id":"https:\/\/www.gfima.es\/#\/schema\/logo\/image\/"},"sameAs":["https:\/\/www.facebook.com\/GfimaInmobiliaria","https:\/\/www.instagram.com\/gfima_inmobiliaria"]},{"@type":"Person","@id":"https:\/\/www.gfima.es\/#\/schema\/person\/bed7acc555b4b94c632313b65701788b","name":"gfima","image":{"@type":"ImageObject","inLanguage":"es","@id":"https:\/\/secure.gravatar.com\/avatar\/6ca37e63e5d1de57514ad0d3c170b2985e0db68fefd27e54d92deccc468070d8?s=96&d=mm&r=g","url":"https:\/\/secure.gravatar.com\/avatar\/6ca37e63e5d1de57514ad0d3c170b2985e0db68fefd27e54d92deccc468070d8?s=96&d=mm&r=g","contentUrl":"https:\/\/secure.gravatar.com\/avatar\/6ca37e63e5d1de57514ad0d3c170b2985e0db68fefd27e54d92deccc468070d8?s=96&d=mm&r=g","caption":"gfima"},"sameAs":["https:\/\/x.com\/teamhost"],"url":"https:\/\/www.gfima.es\/?author=3"}]}},"_links":{"self":[{"href":"https:\/\/www.gfima.es\/index.php?rest_route=\/wp\/v2\/posts\/5377","targetHints":{"allow":["GET"]}}],"collection":[{"href":"https:\/\/www.gfima.es\/index.php?rest_route=\/wp\/v2\/posts"}],"about":[{"href":"https:\/\/www.gfima.es\/index.php?rest_route=\/wp\/v2\/types\/post"}],"author":[{"embeddable":true,"href":"https:\/\/www.gfima.es\/index.php?rest_route=\/wp\/v2\/users\/3"}],"replies":[{"embeddable":true,"href":"https:\/\/www.gfima.es\/index.php?rest_route=%2Fwp%2Fv2%2Fcomments&post=5377"}],"version-history":[{"count":1,"href":"https:\/\/www.gfima.es\/index.php?rest_route=\/wp\/v2\/posts\/5377\/revisions"}],"predecessor-version":[{"id":5384,"href":"https:\/\/www.gfima.es\/index.php?rest_route=\/wp\/v2\/posts\/5377\/revisions\/5384"}],"wp:featuredmedia":[{"embeddable":true,"href":"https:\/\/www.gfima.es\/index.php?rest_route=\/wp\/v2\/media\/5383"}],"wp:attachment":[{"href":"https:\/\/www.gfima.es\/index.php?rest_route=%2Fwp%2Fv2%2Fmedia&parent=5377"}],"wp:term":[{"taxonomy":"category","embeddable":true,"href":"https:\/\/www.gfima.es\/index.php?rest_route=%2Fwp%2Fv2%2Fcategories&post=5377"},{"taxonomy":"post_tag","embeddable":true,"href":"https:\/\/www.gfima.es\/index.php?rest_route=%2Fwp%2Fv2%2Ftags&post=5377"}],"curies":[{"name":"wp","href":"https:\/\/api.w.org\/{rel}","templated":true}]}}