{"id":3909,"date":"2025-01-20T13:34:49","date_gmt":"2025-01-20T12:34:49","guid":{"rendered":"https:\/\/www.gfima.es\/?p=3909"},"modified":"2025-02-21T12:46:52","modified_gmt":"2025-02-21T11:46:52","slug":"aerotermia-y-aerotermo","status":"publish","type":"post","link":"https:\/\/www.gfima.es\/?p=3909","title":{"rendered":"Aerotermia y Aerotermo, combinado con placas solares"},"content":{"rendered":"\n<h3 class=\"wp-block-heading has-large-font-size\">Aerotermia: Innovaci\u00f3n y Eficiencia Energ\u00e9tica<\/h3>\n\n\n\n<p>La aerotermia se ha convertido en una de las soluciones m\u00e1s avanzadas para la climatizaci\u00f3n y la generaci\u00f3n de agua caliente sanitaria en los hogares. Este sistema utiliza la energ\u00eda del aire exterior para proporcionar calor, fr\u00edo y agua caliente, convirti\u00e9ndolo en una opci\u00f3n eficiente y respetuosa con el medio ambiente.<\/p>\n\n\n\n<h4 class=\"wp-block-heading\">\u00bfC\u00f3mo funciona la aerotermia?<\/h4>\n\n\n\n<p>La base de la aerotermia es una bomba de calor que extrae la energ\u00eda contenida en el aire exterior, incluso a bajas temperaturas, y la transforma en energ\u00eda t\u00e9rmica utilizable. Esta tecnolog\u00eda permite aprovechar una fuente de energ\u00eda renovable, lo que la hace sostenible y econ\u00f3mica a largo plazo.<\/p>\n\n\n\n<p>En muchas instalaciones modernas, la aerotermia se combina con placas solares para maximizar la eficiencia. Las placas solares generan energ\u00eda el\u00e9ctrica que puede alimentar el sistema de aerotermia, reduciendo a\u00fan m\u00e1s el consumo el\u00e9ctrico de la vivienda.<\/p>\n\n\n\n<h4 class=\"wp-block-heading\">Ventajas de la aerotermia<\/h4>\n\n\n\n<p><strong>1. Eficiencia energ\u00e9tica:<\/strong> La aerotermia puede alcanzar coeficientes de rendimiento (COP) muy altos, lo que significa que genera m\u00e1s energ\u00eda de la que consume. Esto se traduce en facturas energ\u00e9ticas considerablemente m\u00e1s bajas.<\/p>\n\n\n\n<p><strong>2. Sostenibilidad ambiental:<\/strong> Al utilizar energ\u00eda renovable del aire y combinarla con energ\u00eda solar, se reduce la dependencia de combustibles f\u00f3siles y se disminuyen las emisiones de gases de efecto invernadero.<\/p>\n\n\n\n<p><strong>3. Confort y versatilidad:<\/strong> Los sistemas de aerotermia pueden proporcionar calefacci\u00f3n en invierno, refrigeraci\u00f3n en verano y agua caliente sanitaria durante todo el a\u00f1o, garantizando un confort integral en el hogar.<\/p>\n\n\n\n<p><strong>4. Bajo mantenimiento:<\/strong> Los equipos de aerotermia tienen una larga vida \u00fatil y requieren un mantenimiento m\u00ednimo, lo que resulta en menos complicaciones para los usuarios.<\/p>\n\n\n\n<h4 class=\"wp-block-heading\">Desventajas de la aerotermia<\/h4>\n\n\n\n<p>Aunque la aerotermia tiene muchos beneficios, tambi\u00e9n es importante considerar algunos inconvenientes:<\/p>\n\n\n\n<ul class=\"wp-block-list\">\n<li><strong>Inversi\u00f3n inicial:<\/strong> La instalaci\u00f3n de un sistema de aerotermia puede ser m\u00e1s costosa que la de sistemas convencionales, aunque el ahorro en las facturas energ\u00e9ticas compensa esta inversi\u00f3n a lo largo del tiempo.<\/li>\n\n\n\n<li><strong>Rendimiento en climas extremos:<\/strong> En zonas con temperaturas muy bajas, la eficiencia de la aerotermia puede disminuir, aunque las tecnolog\u00edas actuales han mejorado significativamente este aspecto.<\/li>\n<\/ul>\n\n\n\n<hr class=\"wp-block-separator has-alpha-channel-opacity\"\/>\n\n\n\n<h4 class=\"wp-block-heading has-large-font-size\">\u00bfQu\u00e9 es un aerotermo?<\/h4>\n\n\n\n<p>Un aerotermo es un dispositivo dise\u00f1ado espec\u00edficamente para la generaci\u00f3n de agua caliente sanitaria utilizando energ\u00eda aerot\u00e9rmica. Este sistema es una alternativa eficiente a los termos el\u00e9ctricos tradicionales, ya que consume mucha menos energ\u00eda el\u00e9ctrica.<\/p>\n\n\n\n<h4 class=\"wp-block-heading\">\u00bfPor qu\u00e9 es mejor separar el aerotermo del sistema de calefacci\u00f3n?<\/h4>\n\n\n\n<p>Separar el sistema de calefacci\u00f3n del aerotermo ofrece varios beneficios:<\/p>\n\n\n\n<ul class=\"wp-block-list\">\n<li><strong>Optimizaci\u00f3n del rendimiento:<\/strong> Cada sistema est\u00e1 dise\u00f1ado para cumplir una funci\u00f3n espec\u00edfica, lo que maximiza su eficiencia.<\/li>\n\n\n\n<li><strong>Mayor durabilidad:<\/strong> Al reducir la carga de trabajo en los equipos, se prolonga su vida \u00fatil.<\/li>\n\n\n\n<li><strong>Mantenimiento independiente:<\/strong> Si uno de los sistemas necesita reparaci\u00f3n o mantenimiento, el otro puede seguir funcionando sin interrupciones.<\/li>\n<\/ul>\n\n\n\n<h4 class=\"wp-block-heading\">Una tecnolog\u00eda para un futuro sostenible<\/h4>\n\n\n\n<p>La aerotermia representa una alternativa eficiente y respetuosa con el medio ambiente frente a los sistemas de climatizaci\u00f3n convencionales. Su capacidad para combinarse con placas solares y su bajo impacto ambiental la convierten en una opci\u00f3n ideal para quienes buscan un hogar m\u00e1s sostenible y econ\u00f3mico.<\/p>\n\n\n\n<p>Con el avance de las tecnolog\u00edas renovables, la aerotermia se perfila como una soluci\u00f3n clave para el futuro de la climatizaci\u00f3n en los hogares, promoviendo un equilibrio entre confort, ahorro y cuidado del planeta.<\/p>\n\n\n\n<h3 class=\"wp-block-heading\">Aerotermia en la Promoci\u00f3n \u00abEl Parque\u00bb: Innovaci\u00f3n y Eficiencia Energ\u00e9tica<\/h3>\n\n\n\n<p>En la promoci\u00f3n de viviendas de obra nueva <strong>\u00abEl Parque\u00bb<\/strong>, hemos integrado tecnolog\u00edas de vanguardia para ofrecer hogares m\u00e1s sostenibles y eficientes. Uno de los elementos destacados de nuestras viviendas es el uso de sistemas de <strong>aerotermia<\/strong> combinados con placas solares, una soluci\u00f3n que garantiza ahorro energ\u00e9tico, confort y un impacto medioambiental reducido.<\/p>\n\n\n\n<h4 class=\"wp-block-heading has-medium-font-size\">Un sistema como el que tiene esta obra supone un coste de m\u00e1s de 15.0000\u20ac, un coste que merece la pena para el ahorro de energ\u00eda futuro y que esta obra lo lleva incluido.<\/h4>\n\n\n\n<ul class=\"wp-block-list\">\n<li>&#8211; Placa solar<\/li>\n\n\n\n<li>&#8211; Calefacci\u00f3n por suelo radiante.<\/li>\n\n\n\n<li>&#8211; Maquina de Aerotermia (calefacci\u00f3n)<\/li>\n\n\n\n<li>&#8211; Maquina de Aerotermo (agua caliente)<\/li>\n\n\n\n<li>&#8211; Termostatos independientes.<\/li>\n<\/ul>\n\n\n\n<figure class=\"wp-block-image size-large\"><img fetchpriority=\"high\" decoding=\"async\" width=\"1024\" height=\"754\" src=\"https:\/\/www.gfima.es\/wp-content\/uploads\/2025\/01\/grafico-1-1024x754.jpeg\" alt=\"\" class=\"wp-image-3911\" srcset=\"https:\/\/www.gfima.es\/wp-content\/uploads\/2025\/01\/grafico-1-1024x754.jpeg 1024w, https:\/\/www.gfima.es\/wp-content\/uploads\/2025\/01\/grafico-1-300x221.jpeg 300w, https:\/\/www.gfima.es\/wp-content\/uploads\/2025\/01\/grafico-1-768x566.jpeg 768w, https:\/\/www.gfima.es\/wp-content\/uploads\/2025\/01\/grafico-1-1536x1132.jpeg 1536w, https:\/\/www.gfima.es\/wp-content\/uploads\/2025\/01\/grafico-1.jpeg 1588w\" sizes=\"(max-width: 1024px) 100vw, 1024px\" \/><\/figure>\n\n\n\n<p>Gr\u00e1fico de consumo de energ\u00eda en este mes de la casa piloto.<\/p>\n\n\n\n<p>Para m\u00e1s informaci\u00f3n sobre las viviendas disponibles y las tecnolog\u00edas incluidas, visita nuestra web: <a href=\"https:\/\/www.gfima.es\/obra-nueva-el-parque\/\">www.gfima.es\/obra-nueva-el-parque<\/a>.<\/p>\n\n\n\n<p>Transforma tu manera de vivir en <strong>\u00abEl Parque\u00bb<\/strong>, donde calidad, tecnolog\u00eda y sostenibilidad se unen en un entorno excepcional.<\/p>\n","protected":false},"excerpt":{"rendered":"<p>Aerotermia: Innovaci\u00f3n y Eficiencia Energ\u00e9tica La aerotermia se ha convertido en una de las soluciones m\u00e1s avanzadas para la climatizaci\u00f3n y la generaci\u00f3n de agua caliente sanitaria en los hogares. Este sistema utiliza la energ\u00eda del aire exterior para proporcionar calor, fr\u00edo y agua caliente, convirti\u00e9ndolo en una opci\u00f3n eficiente y respetuosa con el medio [&hellip;]<\/p>\n","protected":false},"author":3,"featured_media":3912,"comment_status":"closed","ping_status":"open","sticky":false,"template":"","format":"standard","meta":{"site-sidebar-layout":"default","site-content-layout":"","ast-site-content-layout":"default","site-content-style":"default","site-sidebar-style":"default","ast-global-header-display":"","ast-banner-title-visibility":"","ast-main-header-display":"","ast-hfb-above-header-display":"","ast-hfb-below-header-display":"","ast-hfb-mobile-header-display":"","site-post-title":"","ast-breadcrumbs-content":"","ast-featured-img":"","footer-sml-layout":"","ast-disable-related-posts":"","theme-transparent-header-meta":"","adv-header-id-meta":"","stick-header-meta":"","header-above-stick-meta":"","header-main-stick-meta":"","header-below-stick-meta":"","astra-migrate-meta-layouts":"set","ast-page-background-enabled":"default","ast-page-background-meta":{"desktop":{"background-color":"var(--ast-global-color-4)","background-image":"","background-repeat":"repeat","background-position":"center center","background-size":"auto","background-attachment":"scroll","background-type":"","background-media":"","overlay-type":"","overlay-color":"","overlay-opacity":"","overlay-gradient":""},"tablet":{"background-color":"","background-image":"","background-repeat":"repeat","background-position":"center center","background-size":"auto","background-attachment":"scroll","background-type":"","background-media":"","overlay-type":"","overlay-color":"","overlay-opacity":"","overlay-gradient":""},"mobile":{"background-color":"","background-image":"","background-repeat":"repeat","background-position":"center center","background-size":"auto","background-attachment":"scroll","background-type":"","background-media":"","overlay-type":"","overlay-color":"","overlay-opacity":"","overlay-gradient":""}},"ast-content-background-meta":{"desktop":{"background-color":"var(--ast-global-color-5)","background-image":"","background-repeat":"repeat","background-position":"center center","background-size":"auto","background-attachment":"scroll","background-type":"","background-media":"","overlay-type":"","overlay-color":"","overlay-opacity":"","overlay-gradient":""},"tablet":{"background-color":"var(--ast-global-color-5)","background-image":"","background-repeat":"repeat","background-position":"center center","background-size":"auto","background-attachment":"scroll","background-type":"","background-media":"","overlay-type":"","overlay-color":"","overlay-opacity":"","overlay-gradient":""},"mobile":{"background-color":"var(--ast-global-color-5)","background-image":"","background-repeat":"repeat","background-position":"center center","background-size":"auto","background-attachment":"scroll","background-type":"","background-media":"","overlay-type":"","overlay-color":"","overlay-opacity":"","overlay-gradient":""}},"_joinchat":[],"footnotes":""},"categories":[17,1,19],"tags":[28,26,29,27,32,25],"class_list":["post-3909","post","type-post","status-publish","format-standard","has-post-thumbnail","hentry","category-actualidad","category-sin-categoria","category-tu-hogar","tag-casas","tag-ciudad-real","tag-comprar","tag-pisos","tag-tomelloso","tag-vivienda"],"yoast_head":"<!-- This site is optimized with the Yoast SEO plugin v27.5 - https:\/\/yoast.com\/product\/yoast-seo-wordpress\/ -->\n<title>Aerotermia y Aerotermo, combinado con placas solares - Gfima<\/title>\n<meta name=\"robots\" content=\"index, follow, max-snippet:-1, max-image-preview:large, max-video-preview:-1\" \/>\n<link rel=\"canonical\" href=\"https:\/\/www.gfima.es\/?p=3909\" \/>\n<meta property=\"og:locale\" content=\"es_ES\" \/>\n<meta property=\"og:type\" content=\"article\" \/>\n<meta property=\"og:title\" content=\"Aerotermia y Aerotermo, combinado con placas solares - Gfima\" \/>\n<meta property=\"og:description\" content=\"Aerotermia: Innovaci\u00f3n y Eficiencia Energ\u00e9tica La aerotermia se ha convertido en una de las soluciones m\u00e1s avanzadas para la climatizaci\u00f3n y la generaci\u00f3n de agua caliente sanitaria en los hogares. Este sistema utiliza la energ\u00eda del aire exterior para proporcionar calor, fr\u00edo y agua caliente, convirti\u00e9ndolo en una opci\u00f3n eficiente y respetuosa con el medio [&hellip;]\" \/>\n<meta property=\"og:url\" content=\"https:\/\/www.gfima.es\/?p=3909\" \/>\n<meta property=\"og:site_name\" content=\"Gfima\" \/>\n<meta property=\"article:publisher\" content=\"https:\/\/www.facebook.com\/GfimaInmobiliaria\" \/>\n<meta property=\"article:published_time\" content=\"2025-01-20T12:34:49+00:00\" \/>\n<meta property=\"article:modified_time\" content=\"2025-02-21T11:46:52+00:00\" \/>\n<meta property=\"og:image\" content=\"https:\/\/www.gfima.es\/wp-content\/uploads\/2025\/01\/Aerotermia.png\" \/>\n\t<meta property=\"og:image:width\" content=\"711\" \/>\n\t<meta property=\"og:image:height\" content=\"715\" \/>\n\t<meta property=\"og:image:type\" content=\"image\/png\" \/>\n<meta name=\"author\" content=\"gfima\" \/>\n<meta name=\"twitter:card\" content=\"summary_large_image\" \/>\n<meta name=\"twitter:creator\" content=\"@teamhost\" \/>\n<meta name=\"twitter:label1\" content=\"Escrito por\" \/>\n\t<meta name=\"twitter:data1\" content=\"gfima\" \/>\n\t<meta name=\"twitter:label2\" content=\"Tiempo de lectura\" \/>\n\t<meta name=\"twitter:data2\" content=\"4 minutos\" \/>\n<script type=\"application\/ld+json\" class=\"yoast-schema-graph\">{\"@context\":\"https:\\\/\\\/schema.org\",\"@graph\":[{\"@type\":\"Article\",\"@id\":\"https:\\\/\\\/www.gfima.es\\\/?p=3909#article\",\"isPartOf\":{\"@id\":\"https:\\\/\\\/www.gfima.es\\\/?p=3909\"},\"author\":{\"name\":\"gfima\",\"@id\":\"https:\\\/\\\/www.gfima.es\\\/#\\\/schema\\\/person\\\/bed7acc555b4b94c632313b65701788b\"},\"headline\":\"Aerotermia y Aerotermo, combinado con placas solares\",\"datePublished\":\"2025-01-20T12:34:49+00:00\",\"dateModified\":\"2025-02-21T11:46:52+00:00\",\"mainEntityOfPage\":{\"@id\":\"https:\\\/\\\/www.gfima.es\\\/?p=3909\"},\"wordCount\":794,\"publisher\":{\"@id\":\"https:\\\/\\\/www.gfima.es\\\/#organization\"},\"image\":{\"@id\":\"https:\\\/\\\/www.gfima.es\\\/?p=3909#primaryimage\"},\"thumbnailUrl\":\"https:\\\/\\\/www.gfima.es\\\/wp-content\\\/uploads\\\/2025\\\/01\\\/Aerotermia.png\",\"keywords\":[\"casas\",\"ciudad real\",\"comprar\",\"pisos\",\"tomelloso\",\"vivienda\"],\"articleSection\":{\"0\":\"Actualidad\",\"2\":\"Tu hogar\"},\"inLanguage\":\"es\"},{\"@type\":\"WebPage\",\"@id\":\"https:\\\/\\\/www.gfima.es\\\/?p=3909\",\"url\":\"https:\\\/\\\/www.gfima.es\\\/?p=3909\",\"name\":\"Aerotermia y Aerotermo, combinado con placas solares - Gfima\",\"isPartOf\":{\"@id\":\"https:\\\/\\\/www.gfima.es\\\/#website\"},\"primaryImageOfPage\":{\"@id\":\"https:\\\/\\\/www.gfima.es\\\/?p=3909#primaryimage\"},\"image\":{\"@id\":\"https:\\\/\\\/www.gfima.es\\\/?p=3909#primaryimage\"},\"thumbnailUrl\":\"https:\\\/\\\/www.gfima.es\\\/wp-content\\\/uploads\\\/2025\\\/01\\\/Aerotermia.png\",\"datePublished\":\"2025-01-20T12:34:49+00:00\",\"dateModified\":\"2025-02-21T11:46:52+00:00\",\"breadcrumb\":{\"@id\":\"https:\\\/\\\/www.gfima.es\\\/?p=3909#breadcrumb\"},\"inLanguage\":\"es\",\"potentialAction\":[{\"@type\":\"ReadAction\",\"target\":[\"https:\\\/\\\/www.gfima.es\\\/?p=3909\"]}]},{\"@type\":\"ImageObject\",\"inLanguage\":\"es\",\"@id\":\"https:\\\/\\\/www.gfima.es\\\/?p=3909#primaryimage\",\"url\":\"https:\\\/\\\/www.gfima.es\\\/wp-content\\\/uploads\\\/2025\\\/01\\\/Aerotermia.png\",\"contentUrl\":\"https:\\\/\\\/www.gfima.es\\\/wp-content\\\/uploads\\\/2025\\\/01\\\/Aerotermia.png\",\"width\":711,\"height\":715},{\"@type\":\"BreadcrumbList\",\"@id\":\"https:\\\/\\\/www.gfima.es\\\/?p=3909#breadcrumb\",\"itemListElement\":[{\"@type\":\"ListItem\",\"position\":1,\"name\":\"Portada\",\"item\":\"https:\\\/\\\/www.gfima.es\\\/\"},{\"@type\":\"ListItem\",\"position\":2,\"name\":\"Aerotermia y Aerotermo, combinado con placas solares\"}]},{\"@type\":\"WebSite\",\"@id\":\"https:\\\/\\\/www.gfima.es\\\/#website\",\"url\":\"https:\\\/\\\/www.gfima.es\\\/\",\"name\":\"Gfima\",\"description\":\"Agencia inmobiliaria\",\"publisher\":{\"@id\":\"https:\\\/\\\/www.gfima.es\\\/#organization\"},\"potentialAction\":[{\"@type\":\"SearchAction\",\"target\":{\"@type\":\"EntryPoint\",\"urlTemplate\":\"https:\\\/\\\/www.gfima.es\\\/?s={search_term_string}\"},\"query-input\":{\"@type\":\"PropertyValueSpecification\",\"valueRequired\":true,\"valueName\":\"search_term_string\"}}],\"inLanguage\":\"es\"},{\"@type\":\"Organization\",\"@id\":\"https:\\\/\\\/www.gfima.es\\\/#organization\",\"name\":\"Gfima inmobiliaria\",\"url\":\"https:\\\/\\\/www.gfima.es\\\/\",\"logo\":{\"@type\":\"ImageObject\",\"inLanguage\":\"es\",\"@id\":\"https:\\\/\\\/www.gfima.es\\\/#\\\/schema\\\/logo\\\/image\\\/\",\"url\":\"https:\\\/\\\/www.gfima.es\\\/wp-content\\\/uploads\\\/2023\\\/04\\\/LogoGfima.png\",\"contentUrl\":\"https:\\\/\\\/www.gfima.es\\\/wp-content\\\/uploads\\\/2023\\\/04\\\/LogoGfima.png\",\"width\":1630,\"height\":925,\"caption\":\"Gfima inmobiliaria\"},\"image\":{\"@id\":\"https:\\\/\\\/www.gfima.es\\\/#\\\/schema\\\/logo\\\/image\\\/\"},\"sameAs\":[\"https:\\\/\\\/www.facebook.com\\\/GfimaInmobiliaria\",\"https:\\\/\\\/www.instagram.com\\\/gfima_inmobiliaria\"]},{\"@type\":\"Person\",\"@id\":\"https:\\\/\\\/www.gfima.es\\\/#\\\/schema\\\/person\\\/bed7acc555b4b94c632313b65701788b\",\"name\":\"gfima\",\"image\":{\"@type\":\"ImageObject\",\"inLanguage\":\"es\",\"@id\":\"https:\\\/\\\/secure.gravatar.com\\\/avatar\\\/6ca37e63e5d1de57514ad0d3c170b2985e0db68fefd27e54d92deccc468070d8?s=96&d=mm&r=g\",\"url\":\"https:\\\/\\\/secure.gravatar.com\\\/avatar\\\/6ca37e63e5d1de57514ad0d3c170b2985e0db68fefd27e54d92deccc468070d8?s=96&d=mm&r=g\",\"contentUrl\":\"https:\\\/\\\/secure.gravatar.com\\\/avatar\\\/6ca37e63e5d1de57514ad0d3c170b2985e0db68fefd27e54d92deccc468070d8?s=96&d=mm&r=g\",\"caption\":\"gfima\"},\"sameAs\":[\"https:\\\/\\\/x.com\\\/teamhost\"],\"url\":\"https:\\\/\\\/www.gfima.es\\\/?author=3\"}]}<\/script>\n<!-- \/ Yoast SEO plugin. -->","yoast_head_json":{"title":"Aerotermia y Aerotermo, combinado con placas solares - Gfima","robots":{"index":"index","follow":"follow","max-snippet":"max-snippet:-1","max-image-preview":"max-image-preview:large","max-video-preview":"max-video-preview:-1"},"canonical":"https:\/\/www.gfima.es\/?p=3909","og_locale":"es_ES","og_type":"article","og_title":"Aerotermia y Aerotermo, combinado con placas solares - Gfima","og_description":"Aerotermia: Innovaci\u00f3n y Eficiencia Energ\u00e9tica La aerotermia se ha convertido en una de las soluciones m\u00e1s avanzadas para la climatizaci\u00f3n y la generaci\u00f3n de agua caliente sanitaria en los hogares. Este sistema utiliza la energ\u00eda del aire exterior para proporcionar calor, fr\u00edo y agua caliente, convirti\u00e9ndolo en una opci\u00f3n eficiente y respetuosa con el medio [&hellip;]","og_url":"https:\/\/www.gfima.es\/?p=3909","og_site_name":"Gfima","article_publisher":"https:\/\/www.facebook.com\/GfimaInmobiliaria","article_published_time":"2025-01-20T12:34:49+00:00","article_modified_time":"2025-02-21T11:46:52+00:00","og_image":[{"width":711,"height":715,"url":"https:\/\/www.gfima.es\/wp-content\/uploads\/2025\/01\/Aerotermia.png","type":"image\/png"}],"author":"gfima","twitter_card":"summary_large_image","twitter_creator":"@teamhost","twitter_misc":{"Escrito por":"gfima","Tiempo de lectura":"4 minutos"},"schema":{"@context":"https:\/\/schema.org","@graph":[{"@type":"Article","@id":"https:\/\/www.gfima.es\/?p=3909#article","isPartOf":{"@id":"https:\/\/www.gfima.es\/?p=3909"},"author":{"name":"gfima","@id":"https:\/\/www.gfima.es\/#\/schema\/person\/bed7acc555b4b94c632313b65701788b"},"headline":"Aerotermia y Aerotermo, combinado con placas solares","datePublished":"2025-01-20T12:34:49+00:00","dateModified":"2025-02-21T11:46:52+00:00","mainEntityOfPage":{"@id":"https:\/\/www.gfima.es\/?p=3909"},"wordCount":794,"publisher":{"@id":"https:\/\/www.gfima.es\/#organization"},"image":{"@id":"https:\/\/www.gfima.es\/?p=3909#primaryimage"},"thumbnailUrl":"https:\/\/www.gfima.es\/wp-content\/uploads\/2025\/01\/Aerotermia.png","keywords":["casas","ciudad real","comprar","pisos","tomelloso","vivienda"],"articleSection":{"0":"Actualidad","2":"Tu hogar"},"inLanguage":"es"},{"@type":"WebPage","@id":"https:\/\/www.gfima.es\/?p=3909","url":"https:\/\/www.gfima.es\/?p=3909","name":"Aerotermia y Aerotermo, combinado con placas solares - Gfima","isPartOf":{"@id":"https:\/\/www.gfima.es\/#website"},"primaryImageOfPage":{"@id":"https:\/\/www.gfima.es\/?p=3909#primaryimage"},"image":{"@id":"https:\/\/www.gfima.es\/?p=3909#primaryimage"},"thumbnailUrl":"https:\/\/www.gfima.es\/wp-content\/uploads\/2025\/01\/Aerotermia.png","datePublished":"2025-01-20T12:34:49+00:00","dateModified":"2025-02-21T11:46:52+00:00","breadcrumb":{"@id":"https:\/\/www.gfima.es\/?p=3909#breadcrumb"},"inLanguage":"es","potentialAction":[{"@type":"ReadAction","target":["https:\/\/www.gfima.es\/?p=3909"]}]},{"@type":"ImageObject","inLanguage":"es","@id":"https:\/\/www.gfima.es\/?p=3909#primaryimage","url":"https:\/\/www.gfima.es\/wp-content\/uploads\/2025\/01\/Aerotermia.png","contentUrl":"https:\/\/www.gfima.es\/wp-content\/uploads\/2025\/01\/Aerotermia.png","width":711,"height":715},{"@type":"BreadcrumbList","@id":"https:\/\/www.gfima.es\/?p=3909#breadcrumb","itemListElement":[{"@type":"ListItem","position":1,"name":"Portada","item":"https:\/\/www.gfima.es\/"},{"@type":"ListItem","position":2,"name":"Aerotermia y Aerotermo, combinado con placas solares"}]},{"@type":"WebSite","@id":"https:\/\/www.gfima.es\/#website","url":"https:\/\/www.gfima.es\/","name":"Gfima","description":"Agencia inmobiliaria","publisher":{"@id":"https:\/\/www.gfima.es\/#organization"},"potentialAction":[{"@type":"SearchAction","target":{"@type":"EntryPoint","urlTemplate":"https:\/\/www.gfima.es\/?s={search_term_string}"},"query-input":{"@type":"PropertyValueSpecification","valueRequired":true,"valueName":"search_term_string"}}],"inLanguage":"es"},{"@type":"Organization","@id":"https:\/\/www.gfima.es\/#organization","name":"Gfima inmobiliaria","url":"https:\/\/www.gfima.es\/","logo":{"@type":"ImageObject","inLanguage":"es","@id":"https:\/\/www.gfima.es\/#\/schema\/logo\/image\/","url":"https:\/\/www.gfima.es\/wp-content\/uploads\/2023\/04\/LogoGfima.png","contentUrl":"https:\/\/www.gfima.es\/wp-content\/uploads\/2023\/04\/LogoGfima.png","width":1630,"height":925,"caption":"Gfima inmobiliaria"},"image":{"@id":"https:\/\/www.gfima.es\/#\/schema\/logo\/image\/"},"sameAs":["https:\/\/www.facebook.com\/GfimaInmobiliaria","https:\/\/www.instagram.com\/gfima_inmobiliaria"]},{"@type":"Person","@id":"https:\/\/www.gfima.es\/#\/schema\/person\/bed7acc555b4b94c632313b65701788b","name":"gfima","image":{"@type":"ImageObject","inLanguage":"es","@id":"https:\/\/secure.gravatar.com\/avatar\/6ca37e63e5d1de57514ad0d3c170b2985e0db68fefd27e54d92deccc468070d8?s=96&d=mm&r=g","url":"https:\/\/secure.gravatar.com\/avatar\/6ca37e63e5d1de57514ad0d3c170b2985e0db68fefd27e54d92deccc468070d8?s=96&d=mm&r=g","contentUrl":"https:\/\/secure.gravatar.com\/avatar\/6ca37e63e5d1de57514ad0d3c170b2985e0db68fefd27e54d92deccc468070d8?s=96&d=mm&r=g","caption":"gfima"},"sameAs":["https:\/\/x.com\/teamhost"],"url":"https:\/\/www.gfima.es\/?author=3"}]}},"_links":{"self":[{"href":"https:\/\/www.gfima.es\/index.php?rest_route=\/wp\/v2\/posts\/3909","targetHints":{"allow":["GET"]}}],"collection":[{"href":"https:\/\/www.gfima.es\/index.php?rest_route=\/wp\/v2\/posts"}],"about":[{"href":"https:\/\/www.gfima.es\/index.php?rest_route=\/wp\/v2\/types\/post"}],"author":[{"embeddable":true,"href":"https:\/\/www.gfima.es\/index.php?rest_route=\/wp\/v2\/users\/3"}],"replies":[{"embeddable":true,"href":"https:\/\/www.gfima.es\/index.php?rest_route=%2Fwp%2Fv2%2Fcomments&post=3909"}],"version-history":[{"count":1,"href":"https:\/\/www.gfima.es\/index.php?rest_route=\/wp\/v2\/posts\/3909\/revisions"}],"predecessor-version":[{"id":3913,"href":"https:\/\/www.gfima.es\/index.php?rest_route=\/wp\/v2\/posts\/3909\/revisions\/3913"}],"wp:featuredmedia":[{"embeddable":true,"href":"https:\/\/www.gfima.es\/index.php?rest_route=\/wp\/v2\/media\/3912"}],"wp:attachment":[{"href":"https:\/\/www.gfima.es\/index.php?rest_route=%2Fwp%2Fv2%2Fmedia&parent=3909"}],"wp:term":[{"taxonomy":"category","embeddable":true,"href":"https:\/\/www.gfima.es\/index.php?rest_route=%2Fwp%2Fv2%2Fcategories&post=3909"},{"taxonomy":"post_tag","embeddable":true,"href":"https:\/\/www.gfima.es\/index.php?rest_route=%2Fwp%2Fv2%2Ftags&post=3909"}],"curies":[{"name":"wp","href":"https:\/\/api.w.org\/{rel}","templated":true}]}}