{"id":3815,"date":"2025-01-10T18:31:50","date_gmt":"2025-01-10T17:31:50","guid":{"rendered":"https:\/\/www.gfima.es\/?p=3815"},"modified":"2025-02-21T12:47:12","modified_gmt":"2025-02-21T11:47:12","slug":"por-que-los-proximos-meses-son-clave-para-invertir-en-vivienda","status":"publish","type":"post","link":"https:\/\/www.gfima.es\/?p=3815","title":{"rendered":"Por qu\u00e9 los pr\u00f3ximos meses son clave para invertir en vivienda"},"content":{"rendered":"\n<h3 class=\"wp-block-heading\">El mercado inmobiliario en 2025 se enfrenta a una serie de factores que podr\u00edan impulsar el precio de las viviendas. Si est\u00e1s considerando comprar, es momento de actuar, pues los indicadores se\u00f1alan un posible aumento en los pr\u00f3ximos meses. A continuaci\u00f3n, te explicamos por qu\u00e9:<\/h3>\n\n\n\n<h4 class=\"wp-block-heading\">1. <strong>Proyecci\u00f3n de aumento en la demanda<\/strong><\/h4>\n\n\n\n<p>Los datos demogr\u00e1ficos apuntan a un incremento de la poblaci\u00f3n, lo que inevitablemente elevar\u00e1 la demanda de vivienda. La llegada de nuevas familias y j\u00f3venes a las ciudades est\u00e1 alimentando esta necesidad, lo que podr\u00eda llevar a una escasez en la oferta y, como consecuencia, a un alza en los precios.<\/p>\n\n\n\n<h4 class=\"wp-block-heading\">2. <strong>Pol\u00edtica econ\u00f3mica y tipos de inter\u00e9s<\/strong><\/h4>\n\n\n\n<p>Los cambios en las pol\u00edticas econ\u00f3micas actuales est\u00e1n dise\u00f1ados para incentivar el crecimiento, lo cual incluye la estabilidad en los tipos de inter\u00e9s, o incluso su posible bajada en un futuro cercano. Esto facilitar\u00e1 el acceso a hipotecas y reducir\u00e1 el costo de financiaci\u00f3n para quienes deseen adquirir una vivienda.<\/p>\n\n\n\n<h4 class=\"wp-block-heading\">3. <strong>Inflaci\u00f3n controlada pero al alza<\/strong><\/h4>\n\n\n\n<p>Aunque la inflaci\u00f3n se mantiene en niveles controlados, los costos de construcci\u00f3n est\u00e1n aumentando debido a la subida de los materiales. Esto har\u00e1 que la oferta de nuevas viviendas sea m\u00e1s limitada, empujando los precios hacia arriba.<\/p>\n\n\n\n<h4 class=\"wp-block-heading\">4. <strong>Reducci\u00f3n del stock de vivienda de segunda mano<\/strong><\/h4>\n\n\n\n<p>La oferta de vivienda de segunda mano se est\u00e1 reduciendo gradualmente debido a la falta de renovaci\u00f3n en los activos y la poca disposici\u00f3n de los propietarios a vender. A la vez, la falta de obra nueva que pueda suplir esta demanda est\u00e1 generando una escasez estructural, lo que impulsa a\u00fan m\u00e1s la necesidad de adquirir vivienda.<\/p>\n\n\n\n<h4 class=\"wp-block-heading\">5. <strong>Inversi\u00f3n en infraestructuras<\/strong><\/h4>\n\n\n\n<p>La inversi\u00f3n p\u00fablica en infraestructuras y la mejora en servicios b\u00e1sicos, como transporte y comunicaci\u00f3n, est\u00e1n revitalizando ciertas zonas, convirti\u00e9ndolas en lugares atractivos para vivir. Estas \u00e1reas son propensas a experimentar un crecimiento en sus precios inmobiliarios.<\/p>\n\n\n\n<h4 class=\"wp-block-heading\">6. <strong>Tendencia post-pandemia<\/strong><\/h4>\n\n\n\n<p>La nueva forma de trabajar ha cambiado la ubicaci\u00f3n preferida de los compradores, llevando a un mayor inter\u00e9s por zonas suburbanas o viviendas con mayor espacio. Este cambio en las preferencias tambi\u00e9n impactar\u00e1 el mercado, incentivando la compra en diferentes regiones.<\/p>\n\n\n\n<h4 class=\"wp-block-heading\"><strong>\u00a1Es el momento de comprar!<\/strong><\/h4>\n\n\n\n<p>Todos estos factores combinados crean un escenario ideal para que quienes est\u00e9n pensando en adquirir vivienda lo hagan ahora, antes de que los precios comiencen a subir de manera considerable. No te pierdas la oportunidad de invertir en un activo con alta revalorizaci\u00f3n.<\/p>\n\n\n\n<p><\/p>\n","protected":false},"excerpt":{"rendered":"<p>El mercado inmobiliario en 2025 se enfrenta a una serie de factores que podr\u00edan impulsar el precio de las viviendas. Si est\u00e1s considerando comprar, es momento de actuar, pues los indicadores se\u00f1alan un posible aumento en los pr\u00f3ximos meses. A continuaci\u00f3n, te explicamos por qu\u00e9: 1. Proyecci\u00f3n de aumento en la demanda Los datos demogr\u00e1ficos [&hellip;]<\/p>\n","protected":false},"author":3,"featured_media":3816,"comment_status":"closed","ping_status":"open","sticky":false,"template":"","format":"standard","meta":{"site-sidebar-layout":"default","site-content-layout":"","ast-site-content-layout":"default","site-content-style":"default","site-sidebar-style":"default","ast-global-header-display":"","ast-banner-title-visibility":"","ast-main-header-display":"","ast-hfb-above-header-display":"","ast-hfb-below-header-display":"","ast-hfb-mobile-header-display":"","site-post-title":"","ast-breadcrumbs-content":"","ast-featured-img":"","footer-sml-layout":"","ast-disable-related-posts":"","theme-transparent-header-meta":"","adv-header-id-meta":"","stick-header-meta":"","header-above-stick-meta":"","header-main-stick-meta":"","header-below-stick-meta":"","astra-migrate-meta-layouts":"set","ast-page-background-enabled":"default","ast-page-background-meta":{"desktop":{"background-color":"var(--ast-global-color-4)","background-image":"","background-repeat":"repeat","background-position":"center center","background-size":"auto","background-attachment":"scroll","background-type":"","background-media":"","overlay-type":"","overlay-color":"","overlay-opacity":"","overlay-gradient":""},"tablet":{"background-color":"","background-image":"","background-repeat":"repeat","background-position":"center center","background-size":"auto","background-attachment":"scroll","background-type":"","background-media":"","overlay-type":"","overlay-color":"","overlay-opacity":"","overlay-gradient":""},"mobile":{"background-color":"","background-image":"","background-repeat":"repeat","background-position":"center center","background-size":"auto","background-attachment":"scroll","background-type":"","background-media":"","overlay-type":"","overlay-color":"","overlay-opacity":"","overlay-gradient":""}},"ast-content-background-meta":{"desktop":{"background-color":"var(--ast-global-color-5)","background-image":"","background-repeat":"repeat","background-position":"center center","background-size":"auto","background-attachment":"scroll","background-type":"","background-media":"","overlay-type":"","overlay-color":"","overlay-opacity":"","overlay-gradient":""},"tablet":{"background-color":"var(--ast-global-color-5)","background-image":"","background-repeat":"repeat","background-position":"center center","background-size":"auto","background-attachment":"scroll","background-type":"","background-media":"","overlay-type":"","overlay-color":"","overlay-opacity":"","overlay-gradient":""},"mobile":{"background-color":"var(--ast-global-color-5)","background-image":"","background-repeat":"repeat","background-position":"center center","background-size":"auto","background-attachment":"scroll","background-type":"","background-media":"","overlay-type":"","overlay-color":"","overlay-opacity":"","overlay-gradient":""}},"_joinchat":[],"footnotes":""},"categories":[17,1],"tags":[28,26,29,34,27,32,30,25],"class_list":["post-3815","post","type-post","status-publish","format-standard","has-post-thumbnail","hentry","category-actualidad","category-sin-categoria","tag-casas","tag-ciudad-real","tag-comprar","tag-hipotecas","tag-pisos","tag-tomelloso","tag-vender","tag-vivienda"],"yoast_head":"<!-- This site is optimized with the Yoast SEO plugin v27.5 - https:\/\/yoast.com\/product\/yoast-seo-wordpress\/ -->\n<title>Por qu\u00e9 los pr\u00f3ximos meses son clave para invertir en vivienda - Gfima<\/title>\n<meta name=\"robots\" content=\"index, follow, max-snippet:-1, max-image-preview:large, max-video-preview:-1\" \/>\n<link rel=\"canonical\" href=\"https:\/\/www.gfima.es\/?p=3815\" \/>\n<meta property=\"og:locale\" content=\"es_ES\" \/>\n<meta property=\"og:type\" content=\"article\" \/>\n<meta property=\"og:title\" content=\"Por qu\u00e9 los pr\u00f3ximos meses son clave para invertir en vivienda - Gfima\" \/>\n<meta property=\"og:description\" content=\"El mercado inmobiliario en 2025 se enfrenta a una serie de factores que podr\u00edan impulsar el precio de las viviendas. Si est\u00e1s considerando comprar, es momento de actuar, pues los indicadores se\u00f1alan un posible aumento en los pr\u00f3ximos meses. A continuaci\u00f3n, te explicamos por qu\u00e9: 1. Proyecci\u00f3n de aumento en la demanda Los datos demogr\u00e1ficos [&hellip;]\" \/>\n<meta property=\"og:url\" content=\"https:\/\/www.gfima.es\/?p=3815\" \/>\n<meta property=\"og:site_name\" content=\"Gfima\" \/>\n<meta property=\"article:publisher\" content=\"https:\/\/www.facebook.com\/GfimaInmobiliaria\" \/>\n<meta property=\"article:published_time\" content=\"2025-01-10T17:31:50+00:00\" \/>\n<meta property=\"article:modified_time\" content=\"2025-02-21T11:47:12+00:00\" \/>\n<meta property=\"og:image\" content=\"https:\/\/www.gfima.es\/wp-content\/uploads\/2025\/01\/demanda.webp\" \/>\n\t<meta property=\"og:image:width\" content=\"1024\" \/>\n\t<meta property=\"og:image:height\" content=\"1024\" \/>\n\t<meta property=\"og:image:type\" content=\"image\/webp\" \/>\n<meta name=\"author\" content=\"gfima\" \/>\n<meta name=\"twitter:card\" content=\"summary_large_image\" \/>\n<meta name=\"twitter:creator\" content=\"@teamhost\" \/>\n<meta name=\"twitter:label1\" content=\"Escrito por\" \/>\n\t<meta name=\"twitter:data1\" content=\"gfima\" \/>\n\t<meta name=\"twitter:label2\" content=\"Tiempo de lectura\" \/>\n\t<meta name=\"twitter:data2\" content=\"3 minutos\" \/>\n<script type=\"application\/ld+json\" class=\"yoast-schema-graph\">{\"@context\":\"https:\\\/\\\/schema.org\",\"@graph\":[{\"@type\":\"Article\",\"@id\":\"https:\\\/\\\/www.gfima.es\\\/?p=3815#article\",\"isPartOf\":{\"@id\":\"https:\\\/\\\/www.gfima.es\\\/?p=3815\"},\"author\":{\"name\":\"gfima\",\"@id\":\"https:\\\/\\\/www.gfima.es\\\/#\\\/schema\\\/person\\\/bed7acc555b4b94c632313b65701788b\"},\"headline\":\"Por qu\u00e9 los pr\u00f3ximos meses son clave para invertir en vivienda\",\"datePublished\":\"2025-01-10T17:31:50+00:00\",\"dateModified\":\"2025-02-21T11:47:12+00:00\",\"mainEntityOfPage\":{\"@id\":\"https:\\\/\\\/www.gfima.es\\\/?p=3815\"},\"wordCount\":448,\"publisher\":{\"@id\":\"https:\\\/\\\/www.gfima.es\\\/#organization\"},\"image\":{\"@id\":\"https:\\\/\\\/www.gfima.es\\\/?p=3815#primaryimage\"},\"thumbnailUrl\":\"https:\\\/\\\/www.gfima.es\\\/wp-content\\\/uploads\\\/2025\\\/01\\\/demanda.webp\",\"keywords\":[\"casas\",\"ciudad real\",\"comprar\",\"hipotecas\",\"pisos\",\"tomelloso\",\"vender\",\"vivienda\"],\"articleSection\":[\"Actualidad\"],\"inLanguage\":\"es\"},{\"@type\":\"WebPage\",\"@id\":\"https:\\\/\\\/www.gfima.es\\\/?p=3815\",\"url\":\"https:\\\/\\\/www.gfima.es\\\/?p=3815\",\"name\":\"Por qu\u00e9 los pr\u00f3ximos meses son clave para invertir en vivienda - Gfima\",\"isPartOf\":{\"@id\":\"https:\\\/\\\/www.gfima.es\\\/#website\"},\"primaryImageOfPage\":{\"@id\":\"https:\\\/\\\/www.gfima.es\\\/?p=3815#primaryimage\"},\"image\":{\"@id\":\"https:\\\/\\\/www.gfima.es\\\/?p=3815#primaryimage\"},\"thumbnailUrl\":\"https:\\\/\\\/www.gfima.es\\\/wp-content\\\/uploads\\\/2025\\\/01\\\/demanda.webp\",\"datePublished\":\"2025-01-10T17:31:50+00:00\",\"dateModified\":\"2025-02-21T11:47:12+00:00\",\"breadcrumb\":{\"@id\":\"https:\\\/\\\/www.gfima.es\\\/?p=3815#breadcrumb\"},\"inLanguage\":\"es\",\"potentialAction\":[{\"@type\":\"ReadAction\",\"target\":[\"https:\\\/\\\/www.gfima.es\\\/?p=3815\"]}]},{\"@type\":\"ImageObject\",\"inLanguage\":\"es\",\"@id\":\"https:\\\/\\\/www.gfima.es\\\/?p=3815#primaryimage\",\"url\":\"https:\\\/\\\/www.gfima.es\\\/wp-content\\\/uploads\\\/2025\\\/01\\\/demanda.webp\",\"contentUrl\":\"https:\\\/\\\/www.gfima.es\\\/wp-content\\\/uploads\\\/2025\\\/01\\\/demanda.webp\",\"width\":1024,\"height\":1024},{\"@type\":\"BreadcrumbList\",\"@id\":\"https:\\\/\\\/www.gfima.es\\\/?p=3815#breadcrumb\",\"itemListElement\":[{\"@type\":\"ListItem\",\"position\":1,\"name\":\"Portada\",\"item\":\"https:\\\/\\\/www.gfima.es\\\/\"},{\"@type\":\"ListItem\",\"position\":2,\"name\":\"Por qu\u00e9 los pr\u00f3ximos meses son clave para invertir en vivienda\"}]},{\"@type\":\"WebSite\",\"@id\":\"https:\\\/\\\/www.gfima.es\\\/#website\",\"url\":\"https:\\\/\\\/www.gfima.es\\\/\",\"name\":\"Gfima\",\"description\":\"Agencia inmobiliaria\",\"publisher\":{\"@id\":\"https:\\\/\\\/www.gfima.es\\\/#organization\"},\"potentialAction\":[{\"@type\":\"SearchAction\",\"target\":{\"@type\":\"EntryPoint\",\"urlTemplate\":\"https:\\\/\\\/www.gfima.es\\\/?s={search_term_string}\"},\"query-input\":{\"@type\":\"PropertyValueSpecification\",\"valueRequired\":true,\"valueName\":\"search_term_string\"}}],\"inLanguage\":\"es\"},{\"@type\":\"Organization\",\"@id\":\"https:\\\/\\\/www.gfima.es\\\/#organization\",\"name\":\"Gfima inmobiliaria\",\"url\":\"https:\\\/\\\/www.gfima.es\\\/\",\"logo\":{\"@type\":\"ImageObject\",\"inLanguage\":\"es\",\"@id\":\"https:\\\/\\\/www.gfima.es\\\/#\\\/schema\\\/logo\\\/image\\\/\",\"url\":\"https:\\\/\\\/www.gfima.es\\\/wp-content\\\/uploads\\\/2023\\\/04\\\/LogoGfima.png\",\"contentUrl\":\"https:\\\/\\\/www.gfima.es\\\/wp-content\\\/uploads\\\/2023\\\/04\\\/LogoGfima.png\",\"width\":1630,\"height\":925,\"caption\":\"Gfima inmobiliaria\"},\"image\":{\"@id\":\"https:\\\/\\\/www.gfima.es\\\/#\\\/schema\\\/logo\\\/image\\\/\"},\"sameAs\":[\"https:\\\/\\\/www.facebook.com\\\/GfimaInmobiliaria\",\"https:\\\/\\\/www.instagram.com\\\/gfima_inmobiliaria\"]},{\"@type\":\"Person\",\"@id\":\"https:\\\/\\\/www.gfima.es\\\/#\\\/schema\\\/person\\\/bed7acc555b4b94c632313b65701788b\",\"name\":\"gfima\",\"image\":{\"@type\":\"ImageObject\",\"inLanguage\":\"es\",\"@id\":\"https:\\\/\\\/secure.gravatar.com\\\/avatar\\\/6ca37e63e5d1de57514ad0d3c170b2985e0db68fefd27e54d92deccc468070d8?s=96&d=mm&r=g\",\"url\":\"https:\\\/\\\/secure.gravatar.com\\\/avatar\\\/6ca37e63e5d1de57514ad0d3c170b2985e0db68fefd27e54d92deccc468070d8?s=96&d=mm&r=g\",\"contentUrl\":\"https:\\\/\\\/secure.gravatar.com\\\/avatar\\\/6ca37e63e5d1de57514ad0d3c170b2985e0db68fefd27e54d92deccc468070d8?s=96&d=mm&r=g\",\"caption\":\"gfima\"},\"sameAs\":[\"https:\\\/\\\/x.com\\\/teamhost\"],\"url\":\"https:\\\/\\\/www.gfima.es\\\/?author=3\"}]}<\/script>\n<!-- \/ Yoast SEO plugin. -->","yoast_head_json":{"title":"Por qu\u00e9 los pr\u00f3ximos meses son clave para invertir en vivienda - Gfima","robots":{"index":"index","follow":"follow","max-snippet":"max-snippet:-1","max-image-preview":"max-image-preview:large","max-video-preview":"max-video-preview:-1"},"canonical":"https:\/\/www.gfima.es\/?p=3815","og_locale":"es_ES","og_type":"article","og_title":"Por qu\u00e9 los pr\u00f3ximos meses son clave para invertir en vivienda - Gfima","og_description":"El mercado inmobiliario en 2025 se enfrenta a una serie de factores que podr\u00edan impulsar el precio de las viviendas. Si est\u00e1s considerando comprar, es momento de actuar, pues los indicadores se\u00f1alan un posible aumento en los pr\u00f3ximos meses. A continuaci\u00f3n, te explicamos por qu\u00e9: 1. Proyecci\u00f3n de aumento en la demanda Los datos demogr\u00e1ficos [&hellip;]","og_url":"https:\/\/www.gfima.es\/?p=3815","og_site_name":"Gfima","article_publisher":"https:\/\/www.facebook.com\/GfimaInmobiliaria","article_published_time":"2025-01-10T17:31:50+00:00","article_modified_time":"2025-02-21T11:47:12+00:00","og_image":[{"width":1024,"height":1024,"url":"https:\/\/www.gfima.es\/wp-content\/uploads\/2025\/01\/demanda.webp","type":"image\/webp"}],"author":"gfima","twitter_card":"summary_large_image","twitter_creator":"@teamhost","twitter_misc":{"Escrito por":"gfima","Tiempo de lectura":"3 minutos"},"schema":{"@context":"https:\/\/schema.org","@graph":[{"@type":"Article","@id":"https:\/\/www.gfima.es\/?p=3815#article","isPartOf":{"@id":"https:\/\/www.gfima.es\/?p=3815"},"author":{"name":"gfima","@id":"https:\/\/www.gfima.es\/#\/schema\/person\/bed7acc555b4b94c632313b65701788b"},"headline":"Por qu\u00e9 los pr\u00f3ximos meses son clave para invertir en vivienda","datePublished":"2025-01-10T17:31:50+00:00","dateModified":"2025-02-21T11:47:12+00:00","mainEntityOfPage":{"@id":"https:\/\/www.gfima.es\/?p=3815"},"wordCount":448,"publisher":{"@id":"https:\/\/www.gfima.es\/#organization"},"image":{"@id":"https:\/\/www.gfima.es\/?p=3815#primaryimage"},"thumbnailUrl":"https:\/\/www.gfima.es\/wp-content\/uploads\/2025\/01\/demanda.webp","keywords":["casas","ciudad real","comprar","hipotecas","pisos","tomelloso","vender","vivienda"],"articleSection":["Actualidad"],"inLanguage":"es"},{"@type":"WebPage","@id":"https:\/\/www.gfima.es\/?p=3815","url":"https:\/\/www.gfima.es\/?p=3815","name":"Por qu\u00e9 los pr\u00f3ximos meses son clave para invertir en vivienda - Gfima","isPartOf":{"@id":"https:\/\/www.gfima.es\/#website"},"primaryImageOfPage":{"@id":"https:\/\/www.gfima.es\/?p=3815#primaryimage"},"image":{"@id":"https:\/\/www.gfima.es\/?p=3815#primaryimage"},"thumbnailUrl":"https:\/\/www.gfima.es\/wp-content\/uploads\/2025\/01\/demanda.webp","datePublished":"2025-01-10T17:31:50+00:00","dateModified":"2025-02-21T11:47:12+00:00","breadcrumb":{"@id":"https:\/\/www.gfima.es\/?p=3815#breadcrumb"},"inLanguage":"es","potentialAction":[{"@type":"ReadAction","target":["https:\/\/www.gfima.es\/?p=3815"]}]},{"@type":"ImageObject","inLanguage":"es","@id":"https:\/\/www.gfima.es\/?p=3815#primaryimage","url":"https:\/\/www.gfima.es\/wp-content\/uploads\/2025\/01\/demanda.webp","contentUrl":"https:\/\/www.gfima.es\/wp-content\/uploads\/2025\/01\/demanda.webp","width":1024,"height":1024},{"@type":"BreadcrumbList","@id":"https:\/\/www.gfima.es\/?p=3815#breadcrumb","itemListElement":[{"@type":"ListItem","position":1,"name":"Portada","item":"https:\/\/www.gfima.es\/"},{"@type":"ListItem","position":2,"name":"Por qu\u00e9 los pr\u00f3ximos meses son clave para invertir en vivienda"}]},{"@type":"WebSite","@id":"https:\/\/www.gfima.es\/#website","url":"https:\/\/www.gfima.es\/","name":"Gfima","description":"Agencia inmobiliaria","publisher":{"@id":"https:\/\/www.gfima.es\/#organization"},"potentialAction":[{"@type":"SearchAction","target":{"@type":"EntryPoint","urlTemplate":"https:\/\/www.gfima.es\/?s={search_term_string}"},"query-input":{"@type":"PropertyValueSpecification","valueRequired":true,"valueName":"search_term_string"}}],"inLanguage":"es"},{"@type":"Organization","@id":"https:\/\/www.gfima.es\/#organization","name":"Gfima inmobiliaria","url":"https:\/\/www.gfima.es\/","logo":{"@type":"ImageObject","inLanguage":"es","@id":"https:\/\/www.gfima.es\/#\/schema\/logo\/image\/","url":"https:\/\/www.gfima.es\/wp-content\/uploads\/2023\/04\/LogoGfima.png","contentUrl":"https:\/\/www.gfima.es\/wp-content\/uploads\/2023\/04\/LogoGfima.png","width":1630,"height":925,"caption":"Gfima inmobiliaria"},"image":{"@id":"https:\/\/www.gfima.es\/#\/schema\/logo\/image\/"},"sameAs":["https:\/\/www.facebook.com\/GfimaInmobiliaria","https:\/\/www.instagram.com\/gfima_inmobiliaria"]},{"@type":"Person","@id":"https:\/\/www.gfima.es\/#\/schema\/person\/bed7acc555b4b94c632313b65701788b","name":"gfima","image":{"@type":"ImageObject","inLanguage":"es","@id":"https:\/\/secure.gravatar.com\/avatar\/6ca37e63e5d1de57514ad0d3c170b2985e0db68fefd27e54d92deccc468070d8?s=96&d=mm&r=g","url":"https:\/\/secure.gravatar.com\/avatar\/6ca37e63e5d1de57514ad0d3c170b2985e0db68fefd27e54d92deccc468070d8?s=96&d=mm&r=g","contentUrl":"https:\/\/secure.gravatar.com\/avatar\/6ca37e63e5d1de57514ad0d3c170b2985e0db68fefd27e54d92deccc468070d8?s=96&d=mm&r=g","caption":"gfima"},"sameAs":["https:\/\/x.com\/teamhost"],"url":"https:\/\/www.gfima.es\/?author=3"}]}},"_links":{"self":[{"href":"https:\/\/www.gfima.es\/index.php?rest_route=\/wp\/v2\/posts\/3815","targetHints":{"allow":["GET"]}}],"collection":[{"href":"https:\/\/www.gfima.es\/index.php?rest_route=\/wp\/v2\/posts"}],"about":[{"href":"https:\/\/www.gfima.es\/index.php?rest_route=\/wp\/v2\/types\/post"}],"author":[{"embeddable":true,"href":"https:\/\/www.gfima.es\/index.php?rest_route=\/wp\/v2\/users\/3"}],"replies":[{"embeddable":true,"href":"https:\/\/www.gfima.es\/index.php?rest_route=%2Fwp%2Fv2%2Fcomments&post=3815"}],"version-history":[{"count":1,"href":"https:\/\/www.gfima.es\/index.php?rest_route=\/wp\/v2\/posts\/3815\/revisions"}],"predecessor-version":[{"id":3817,"href":"https:\/\/www.gfima.es\/index.php?rest_route=\/wp\/v2\/posts\/3815\/revisions\/3817"}],"wp:featuredmedia":[{"embeddable":true,"href":"https:\/\/www.gfima.es\/index.php?rest_route=\/wp\/v2\/media\/3816"}],"wp:attachment":[{"href":"https:\/\/www.gfima.es\/index.php?rest_route=%2Fwp%2Fv2%2Fmedia&parent=3815"}],"wp:term":[{"taxonomy":"category","embeddable":true,"href":"https:\/\/www.gfima.es\/index.php?rest_route=%2Fwp%2Fv2%2Fcategories&post=3815"},{"taxonomy":"post_tag","embeddable":true,"href":"https:\/\/www.gfima.es\/index.php?rest_route=%2Fwp%2Fv2%2Ftags&post=3815"}],"curies":[{"name":"wp","href":"https:\/\/api.w.org\/{rel}","templated":true}]}}