{"id":3533,"date":"2024-12-21T12:37:55","date_gmt":"2024-12-21T11:37:55","guid":{"rendered":"https:\/\/www.gfima.es\/?p=3533"},"modified":"2025-02-21T12:47:12","modified_gmt":"2025-02-21T11:47:12","slug":"nace-aprovij-la-asociacion-de-propietarios-contra-la-inseguridad-juridica-y-la-inquiokupacion","status":"publish","type":"post","link":"https:\/\/www.gfima.es\/?p=3533","title":{"rendered":"Nace APROVIJ: La Asociaci\u00f3n de Propietarios contra la Inseguridad Jur\u00eddica y la \u00abInquiokupaci\u00f3n\u00bb"},"content":{"rendered":"\n<p>El Gobierno ha promovido la creaci\u00f3n de una nueva asociaci\u00f3n para propietarios de viviendas: <strong>APROVIJ<\/strong> (Asociaci\u00f3n de Propietarios de Viviendas contra la Inseguridad Jur\u00eddica). Este organismo busca proteger los derechos de los propietarios frente a problem\u00e1ticas como la <strong>inquiokupaci\u00f3n<\/strong> y la inseguridad jur\u00eddica que afecta al mercado de alquiler en Espa\u00f1a.<\/p>\n\n\n\n<h4 class=\"wp-block-heading\"><strong>\u00bfQu\u00e9 es la \u00abInquiokupaci\u00f3n\u00bb?<\/strong><\/h4>\n\n\n\n<p>La \u00abinquiokupaci\u00f3n\u00bb es un t\u00e9rmino que describe a aquellos inquilinos que, tras firmar un contrato de alquiler, dejan de pagar la renta y se amparan en normativas que dificultan su desalojo. Estas situaciones se han visto agravadas por medidas como el Real Decreto 11\/2020, que paraliz\u00f3 desahucios desde la crisis del coronavirus.<\/p>\n\n\n\n<p>Los propietarios afectados han se\u00f1alado que, en muchos casos, la legislaci\u00f3n actual deja desprotegidos a quienes necesitan recuperar su vivienda por razones econ\u00f3micas, familiares o de fuerza mayor.<\/p>\n\n\n\n<h4 class=\"wp-block-heading\"><strong>\u00bfQu\u00e9 ofrece APROVIJ a los propietarios?<\/strong><\/h4>\n\n\n\n<p>APROVIJ nace como una iniciativa sin \u00e1nimo de lucro, impulsada por familias afectadas y con el objetivo de:<\/p>\n\n\n\n<ul class=\"wp-block-list\">\n<li><strong>Ofrecer apoyo legal y asesoramiento<\/strong> a propietarios en situaciones de inseguridad jur\u00eddica.<\/li>\n\n\n\n<li><strong>Fomentar la concienciaci\u00f3n social<\/strong> sobre los problemas derivados de la \u00abinquiokupaci\u00f3n\u00bb y la ocupaci\u00f3n ilegal.<\/li>\n\n\n\n<li><strong>Promover cambios normativos<\/strong> que protejan los derechos de los propietarios sin menoscabar los derechos de los inquilinos.<\/li>\n<\/ul>\n\n\n\n<p>Adem\u00e1s, la asociaci\u00f3n trabaja para garantizar un mercado del alquiler m\u00e1s equilibrado, fomentando la confianza de los propietarios en el sistema.<\/p>\n\n\n\n<h4 class=\"wp-block-heading\"><strong>Un movimiento necesario<\/strong><\/h4>\n\n\n\n<p>APROVIJ no solo se centra en los casos extremos de ocupaci\u00f3n ilegal, sino tambi\u00e9n en las situaciones de impago prolongado donde las herramientas legales actuales resultan insuficientes. El objetivo principal es brindar seguridad a los propietarios y garantizar el acceso a viviendas para inquilinos responsables.<\/p>\n\n\n\n<h4 class=\"wp-block-heading\"><strong>\u00bfC\u00f3mo puedes formar parte de APROVIJ?<\/strong><\/h4>\n\n\n\n<p>Si eres propietario de una vivienda en Espa\u00f1a y est\u00e1s interesado en proteger tus derechos, puedes obtener m\u00e1s informaci\u00f3n o unirte a la asociaci\u00f3n a trav\u00e9s de su p\u00e1gina oficial:<br>\ud83d\udc49 <a href=\"https:\/\/www.aprovij.com\">www.aprovij.com<\/a><\/p>\n","protected":false},"excerpt":{"rendered":"<p>El Gobierno ha promovido la creaci\u00f3n de una nueva asociaci\u00f3n para propietarios de viviendas: APROVIJ (Asociaci\u00f3n de Propietarios de Viviendas contra la Inseguridad Jur\u00eddica). Este organismo busca proteger los derechos de los propietarios frente a problem\u00e1ticas como la inquiokupaci\u00f3n y la inseguridad jur\u00eddica que afecta al mercado de alquiler en Espa\u00f1a. \u00bfQu\u00e9 es la \u00abInquiokupaci\u00f3n\u00bb? [&hellip;]<\/p>\n","protected":false},"author":3,"featured_media":3534,"comment_status":"closed","ping_status":"open","sticky":false,"template":"","format":"standard","meta":{"site-sidebar-layout":"default","site-content-layout":"","ast-site-content-layout":"default","site-content-style":"default","site-sidebar-style":"default","ast-global-header-display":"","ast-banner-title-visibility":"","ast-main-header-display":"","ast-hfb-above-header-display":"","ast-hfb-below-header-display":"","ast-hfb-mobile-header-display":"","site-post-title":"","ast-breadcrumbs-content":"","ast-featured-img":"","footer-sml-layout":"","ast-disable-related-posts":"","theme-transparent-header-meta":"","adv-header-id-meta":"","stick-header-meta":"","header-above-stick-meta":"","header-main-stick-meta":"","header-below-stick-meta":"","astra-migrate-meta-layouts":"set","ast-page-background-enabled":"default","ast-page-background-meta":{"desktop":{"background-color":"var(--ast-global-color-4)","background-image":"","background-repeat":"repeat","background-position":"center center","background-size":"auto","background-attachment":"scroll","background-type":"","background-media":"","overlay-type":"","overlay-color":"","overlay-opacity":"","overlay-gradient":""},"tablet":{"background-color":"","background-image":"","background-repeat":"repeat","background-position":"center center","background-size":"auto","background-attachment":"scroll","background-type":"","background-media":"","overlay-type":"","overlay-color":"","overlay-opacity":"","overlay-gradient":""},"mobile":{"background-color":"","background-image":"","background-repeat":"repeat","background-position":"center center","background-size":"auto","background-attachment":"scroll","background-type":"","background-media":"","overlay-type":"","overlay-color":"","overlay-opacity":"","overlay-gradient":""}},"ast-content-background-meta":{"desktop":{"background-color":"var(--ast-global-color-5)","background-image":"","background-repeat":"repeat","background-position":"center center","background-size":"auto","background-attachment":"scroll","background-type":"","background-media":"","overlay-type":"","overlay-color":"","overlay-opacity":"","overlay-gradient":""},"tablet":{"background-color":"var(--ast-global-color-5)","background-image":"","background-repeat":"repeat","background-position":"center center","background-size":"auto","background-attachment":"scroll","background-type":"","background-media":"","overlay-type":"","overlay-color":"","overlay-opacity":"","overlay-gradient":""},"mobile":{"background-color":"var(--ast-global-color-5)","background-image":"","background-repeat":"repeat","background-position":"center center","background-size":"auto","background-attachment":"scroll","background-type":"","background-media":"","overlay-type":"","overlay-color":"","overlay-opacity":"","overlay-gradient":""}},"_joinchat":[],"footnotes":""},"categories":[17,42,1],"tags":[24,28,26,27,32,25],"class_list":["post-3533","post","type-post","status-publish","format-standard","has-post-thumbnail","hentry","category-actualidad","category-alquileres","category-sin-categoria","tag-alquiler","tag-casas","tag-ciudad-real","tag-pisos","tag-tomelloso","tag-vivienda"],"yoast_head":"<!-- This site is optimized with the Yoast SEO plugin v27.5 - https:\/\/yoast.com\/product\/yoast-seo-wordpress\/ -->\n<title>Nace APROVIJ: La Asociaci\u00f3n de Propietarios contra la Inseguridad Jur\u00eddica y la &quot;Inquiokupaci\u00f3n&quot; - Gfima<\/title>\n<meta name=\"robots\" content=\"index, follow, max-snippet:-1, max-image-preview:large, max-video-preview:-1\" \/>\n<link rel=\"canonical\" href=\"https:\/\/www.gfima.es\/?p=3533\" \/>\n<meta property=\"og:locale\" content=\"es_ES\" \/>\n<meta property=\"og:type\" content=\"article\" \/>\n<meta property=\"og:title\" content=\"Nace APROVIJ: La Asociaci\u00f3n de Propietarios contra la Inseguridad Jur\u00eddica y la &quot;Inquiokupaci\u00f3n&quot; - Gfima\" \/>\n<meta property=\"og:description\" content=\"El Gobierno ha promovido la creaci\u00f3n de una nueva asociaci\u00f3n para propietarios de viviendas: APROVIJ (Asociaci\u00f3n de Propietarios de Viviendas contra la Inseguridad Jur\u00eddica). Este organismo busca proteger los derechos de los propietarios frente a problem\u00e1ticas como la inquiokupaci\u00f3n y la inseguridad jur\u00eddica que afecta al mercado de alquiler en Espa\u00f1a. \u00bfQu\u00e9 es la \u00abInquiokupaci\u00f3n\u00bb? [&hellip;]\" \/>\n<meta property=\"og:url\" content=\"https:\/\/www.gfima.es\/?p=3533\" \/>\n<meta property=\"og:site_name\" content=\"Gfima\" \/>\n<meta property=\"article:publisher\" content=\"https:\/\/www.facebook.com\/GfimaInmobiliaria\" \/>\n<meta property=\"article:published_time\" content=\"2024-12-21T11:37:55+00:00\" \/>\n<meta property=\"article:modified_time\" content=\"2025-02-21T11:47:12+00:00\" \/>\n<meta name=\"author\" content=\"gfima\" \/>\n<meta name=\"twitter:card\" content=\"summary_large_image\" \/>\n<meta name=\"twitter:creator\" content=\"@teamhost\" \/>\n<meta name=\"twitter:label1\" content=\"Escrito por\" \/>\n\t<meta name=\"twitter:data1\" content=\"gfima\" \/>\n\t<meta name=\"twitter:label2\" content=\"Tiempo de lectura\" \/>\n\t<meta name=\"twitter:data2\" content=\"2 minutos\" \/>\n<script type=\"application\/ld+json\" class=\"yoast-schema-graph\">{\"@context\":\"https:\\\/\\\/schema.org\",\"@graph\":[{\"@type\":\"Article\",\"@id\":\"https:\\\/\\\/www.gfima.es\\\/?p=3533#article\",\"isPartOf\":{\"@id\":\"https:\\\/\\\/www.gfima.es\\\/?p=3533\"},\"author\":{\"name\":\"gfima\",\"@id\":\"https:\\\/\\\/www.gfima.es\\\/#\\\/schema\\\/person\\\/bed7acc555b4b94c632313b65701788b\"},\"headline\":\"Nace APROVIJ: La Asociaci\u00f3n de Propietarios contra la Inseguridad Jur\u00eddica y la \u00abInquiokupaci\u00f3n\u00bb\",\"datePublished\":\"2024-12-21T11:37:55+00:00\",\"dateModified\":\"2025-02-21T11:47:12+00:00\",\"mainEntityOfPage\":{\"@id\":\"https:\\\/\\\/www.gfima.es\\\/?p=3533\"},\"wordCount\":357,\"publisher\":{\"@id\":\"https:\\\/\\\/www.gfima.es\\\/#organization\"},\"image\":{\"@id\":\"https:\\\/\\\/www.gfima.es\\\/?p=3533#primaryimage\"},\"thumbnailUrl\":\"https:\\\/\\\/www.gfima.es\\\/wp-content\\\/uploads\\\/2024\\\/12\\\/a54159_ff1c42ce02f449b691a5f2ab91dd9ed7mv2.avif\",\"keywords\":[\"alquiler\",\"casas\",\"ciudad real\",\"pisos\",\"tomelloso\",\"vivienda\"],\"articleSection\":[\"Actualidad\",\"Alquileres\"],\"inLanguage\":\"es\"},{\"@type\":\"WebPage\",\"@id\":\"https:\\\/\\\/www.gfima.es\\\/?p=3533\",\"url\":\"https:\\\/\\\/www.gfima.es\\\/?p=3533\",\"name\":\"Nace APROVIJ: La Asociaci\u00f3n de Propietarios contra la Inseguridad Jur\u00eddica y la \\\"Inquiokupaci\u00f3n\\\" - Gfima\",\"isPartOf\":{\"@id\":\"https:\\\/\\\/www.gfima.es\\\/#website\"},\"primaryImageOfPage\":{\"@id\":\"https:\\\/\\\/www.gfima.es\\\/?p=3533#primaryimage\"},\"image\":{\"@id\":\"https:\\\/\\\/www.gfima.es\\\/?p=3533#primaryimage\"},\"thumbnailUrl\":\"https:\\\/\\\/www.gfima.es\\\/wp-content\\\/uploads\\\/2024\\\/12\\\/a54159_ff1c42ce02f449b691a5f2ab91dd9ed7mv2.avif\",\"datePublished\":\"2024-12-21T11:37:55+00:00\",\"dateModified\":\"2025-02-21T11:47:12+00:00\",\"breadcrumb\":{\"@id\":\"https:\\\/\\\/www.gfima.es\\\/?p=3533#breadcrumb\"},\"inLanguage\":\"es\",\"potentialAction\":[{\"@type\":\"ReadAction\",\"target\":[\"https:\\\/\\\/www.gfima.es\\\/?p=3533\"]}]},{\"@type\":\"ImageObject\",\"inLanguage\":\"es\",\"@id\":\"https:\\\/\\\/www.gfima.es\\\/?p=3533#primaryimage\",\"url\":\"https:\\\/\\\/www.gfima.es\\\/wp-content\\\/uploads\\\/2024\\\/12\\\/a54159_ff1c42ce02f449b691a5f2ab91dd9ed7mv2.avif\",\"contentUrl\":\"https:\\\/\\\/www.gfima.es\\\/wp-content\\\/uploads\\\/2024\\\/12\\\/a54159_ff1c42ce02f449b691a5f2ab91dd9ed7mv2.avif\",\"width\":834,\"height\":737},{\"@type\":\"BreadcrumbList\",\"@id\":\"https:\\\/\\\/www.gfima.es\\\/?p=3533#breadcrumb\",\"itemListElement\":[{\"@type\":\"ListItem\",\"position\":1,\"name\":\"Portada\",\"item\":\"https:\\\/\\\/www.gfima.es\\\/\"},{\"@type\":\"ListItem\",\"position\":2,\"name\":\"Nace APROVIJ: La Asociaci\u00f3n de Propietarios contra la Inseguridad Jur\u00eddica y la \u00abInquiokupaci\u00f3n\u00bb\"}]},{\"@type\":\"WebSite\",\"@id\":\"https:\\\/\\\/www.gfima.es\\\/#website\",\"url\":\"https:\\\/\\\/www.gfima.es\\\/\",\"name\":\"Gfima\",\"description\":\"Agencia inmobiliaria\",\"publisher\":{\"@id\":\"https:\\\/\\\/www.gfima.es\\\/#organization\"},\"potentialAction\":[{\"@type\":\"SearchAction\",\"target\":{\"@type\":\"EntryPoint\",\"urlTemplate\":\"https:\\\/\\\/www.gfima.es\\\/?s={search_term_string}\"},\"query-input\":{\"@type\":\"PropertyValueSpecification\",\"valueRequired\":true,\"valueName\":\"search_term_string\"}}],\"inLanguage\":\"es\"},{\"@type\":\"Organization\",\"@id\":\"https:\\\/\\\/www.gfima.es\\\/#organization\",\"name\":\"Gfima inmobiliaria\",\"url\":\"https:\\\/\\\/www.gfima.es\\\/\",\"logo\":{\"@type\":\"ImageObject\",\"inLanguage\":\"es\",\"@id\":\"https:\\\/\\\/www.gfima.es\\\/#\\\/schema\\\/logo\\\/image\\\/\",\"url\":\"https:\\\/\\\/www.gfima.es\\\/wp-content\\\/uploads\\\/2023\\\/04\\\/LogoGfima.png\",\"contentUrl\":\"https:\\\/\\\/www.gfima.es\\\/wp-content\\\/uploads\\\/2023\\\/04\\\/LogoGfima.png\",\"width\":1630,\"height\":925,\"caption\":\"Gfima inmobiliaria\"},\"image\":{\"@id\":\"https:\\\/\\\/www.gfima.es\\\/#\\\/schema\\\/logo\\\/image\\\/\"},\"sameAs\":[\"https:\\\/\\\/www.facebook.com\\\/GfimaInmobiliaria\",\"https:\\\/\\\/www.instagram.com\\\/gfima_inmobiliaria\"]},{\"@type\":\"Person\",\"@id\":\"https:\\\/\\\/www.gfima.es\\\/#\\\/schema\\\/person\\\/bed7acc555b4b94c632313b65701788b\",\"name\":\"gfima\",\"image\":{\"@type\":\"ImageObject\",\"inLanguage\":\"es\",\"@id\":\"https:\\\/\\\/secure.gravatar.com\\\/avatar\\\/6ca37e63e5d1de57514ad0d3c170b2985e0db68fefd27e54d92deccc468070d8?s=96&d=mm&r=g\",\"url\":\"https:\\\/\\\/secure.gravatar.com\\\/avatar\\\/6ca37e63e5d1de57514ad0d3c170b2985e0db68fefd27e54d92deccc468070d8?s=96&d=mm&r=g\",\"contentUrl\":\"https:\\\/\\\/secure.gravatar.com\\\/avatar\\\/6ca37e63e5d1de57514ad0d3c170b2985e0db68fefd27e54d92deccc468070d8?s=96&d=mm&r=g\",\"caption\":\"gfima\"},\"sameAs\":[\"https:\\\/\\\/x.com\\\/teamhost\"],\"url\":\"https:\\\/\\\/www.gfima.es\\\/?author=3\"}]}<\/script>\n<!-- \/ Yoast SEO plugin. -->","yoast_head_json":{"title":"Nace APROVIJ: La Asociaci\u00f3n de Propietarios contra la Inseguridad Jur\u00eddica y la \"Inquiokupaci\u00f3n\" - Gfima","robots":{"index":"index","follow":"follow","max-snippet":"max-snippet:-1","max-image-preview":"max-image-preview:large","max-video-preview":"max-video-preview:-1"},"canonical":"https:\/\/www.gfima.es\/?p=3533","og_locale":"es_ES","og_type":"article","og_title":"Nace APROVIJ: La Asociaci\u00f3n de Propietarios contra la Inseguridad Jur\u00eddica y la \"Inquiokupaci\u00f3n\" - Gfima","og_description":"El Gobierno ha promovido la creaci\u00f3n de una nueva asociaci\u00f3n para propietarios de viviendas: APROVIJ (Asociaci\u00f3n de Propietarios de Viviendas contra la Inseguridad Jur\u00eddica). Este organismo busca proteger los derechos de los propietarios frente a problem\u00e1ticas como la inquiokupaci\u00f3n y la inseguridad jur\u00eddica que afecta al mercado de alquiler en Espa\u00f1a. \u00bfQu\u00e9 es la \u00abInquiokupaci\u00f3n\u00bb? [&hellip;]","og_url":"https:\/\/www.gfima.es\/?p=3533","og_site_name":"Gfima","article_publisher":"https:\/\/www.facebook.com\/GfimaInmobiliaria","article_published_time":"2024-12-21T11:37:55+00:00","article_modified_time":"2025-02-21T11:47:12+00:00","author":"gfima","twitter_card":"summary_large_image","twitter_creator":"@teamhost","twitter_misc":{"Escrito por":"gfima","Tiempo de lectura":"2 minutos"},"schema":{"@context":"https:\/\/schema.org","@graph":[{"@type":"Article","@id":"https:\/\/www.gfima.es\/?p=3533#article","isPartOf":{"@id":"https:\/\/www.gfima.es\/?p=3533"},"author":{"name":"gfima","@id":"https:\/\/www.gfima.es\/#\/schema\/person\/bed7acc555b4b94c632313b65701788b"},"headline":"Nace APROVIJ: La Asociaci\u00f3n de Propietarios contra la Inseguridad Jur\u00eddica y la \u00abInquiokupaci\u00f3n\u00bb","datePublished":"2024-12-21T11:37:55+00:00","dateModified":"2025-02-21T11:47:12+00:00","mainEntityOfPage":{"@id":"https:\/\/www.gfima.es\/?p=3533"},"wordCount":357,"publisher":{"@id":"https:\/\/www.gfima.es\/#organization"},"image":{"@id":"https:\/\/www.gfima.es\/?p=3533#primaryimage"},"thumbnailUrl":"https:\/\/www.gfima.es\/wp-content\/uploads\/2024\/12\/a54159_ff1c42ce02f449b691a5f2ab91dd9ed7mv2.avif","keywords":["alquiler","casas","ciudad real","pisos","tomelloso","vivienda"],"articleSection":["Actualidad","Alquileres"],"inLanguage":"es"},{"@type":"WebPage","@id":"https:\/\/www.gfima.es\/?p=3533","url":"https:\/\/www.gfima.es\/?p=3533","name":"Nace APROVIJ: La Asociaci\u00f3n de Propietarios contra la Inseguridad Jur\u00eddica y la \"Inquiokupaci\u00f3n\" - Gfima","isPartOf":{"@id":"https:\/\/www.gfima.es\/#website"},"primaryImageOfPage":{"@id":"https:\/\/www.gfima.es\/?p=3533#primaryimage"},"image":{"@id":"https:\/\/www.gfima.es\/?p=3533#primaryimage"},"thumbnailUrl":"https:\/\/www.gfima.es\/wp-content\/uploads\/2024\/12\/a54159_ff1c42ce02f449b691a5f2ab91dd9ed7mv2.avif","datePublished":"2024-12-21T11:37:55+00:00","dateModified":"2025-02-21T11:47:12+00:00","breadcrumb":{"@id":"https:\/\/www.gfima.es\/?p=3533#breadcrumb"},"inLanguage":"es","potentialAction":[{"@type":"ReadAction","target":["https:\/\/www.gfima.es\/?p=3533"]}]},{"@type":"ImageObject","inLanguage":"es","@id":"https:\/\/www.gfima.es\/?p=3533#primaryimage","url":"https:\/\/www.gfima.es\/wp-content\/uploads\/2024\/12\/a54159_ff1c42ce02f449b691a5f2ab91dd9ed7mv2.avif","contentUrl":"https:\/\/www.gfima.es\/wp-content\/uploads\/2024\/12\/a54159_ff1c42ce02f449b691a5f2ab91dd9ed7mv2.avif","width":834,"height":737},{"@type":"BreadcrumbList","@id":"https:\/\/www.gfima.es\/?p=3533#breadcrumb","itemListElement":[{"@type":"ListItem","position":1,"name":"Portada","item":"https:\/\/www.gfima.es\/"},{"@type":"ListItem","position":2,"name":"Nace APROVIJ: La Asociaci\u00f3n de Propietarios contra la Inseguridad Jur\u00eddica y la \u00abInquiokupaci\u00f3n\u00bb"}]},{"@type":"WebSite","@id":"https:\/\/www.gfima.es\/#website","url":"https:\/\/www.gfima.es\/","name":"Gfima","description":"Agencia inmobiliaria","publisher":{"@id":"https:\/\/www.gfima.es\/#organization"},"potentialAction":[{"@type":"SearchAction","target":{"@type":"EntryPoint","urlTemplate":"https:\/\/www.gfima.es\/?s={search_term_string}"},"query-input":{"@type":"PropertyValueSpecification","valueRequired":true,"valueName":"search_term_string"}}],"inLanguage":"es"},{"@type":"Organization","@id":"https:\/\/www.gfima.es\/#organization","name":"Gfima inmobiliaria","url":"https:\/\/www.gfima.es\/","logo":{"@type":"ImageObject","inLanguage":"es","@id":"https:\/\/www.gfima.es\/#\/schema\/logo\/image\/","url":"https:\/\/www.gfima.es\/wp-content\/uploads\/2023\/04\/LogoGfima.png","contentUrl":"https:\/\/www.gfima.es\/wp-content\/uploads\/2023\/04\/LogoGfima.png","width":1630,"height":925,"caption":"Gfima inmobiliaria"},"image":{"@id":"https:\/\/www.gfima.es\/#\/schema\/logo\/image\/"},"sameAs":["https:\/\/www.facebook.com\/GfimaInmobiliaria","https:\/\/www.instagram.com\/gfima_inmobiliaria"]},{"@type":"Person","@id":"https:\/\/www.gfima.es\/#\/schema\/person\/bed7acc555b4b94c632313b65701788b","name":"gfima","image":{"@type":"ImageObject","inLanguage":"es","@id":"https:\/\/secure.gravatar.com\/avatar\/6ca37e63e5d1de57514ad0d3c170b2985e0db68fefd27e54d92deccc468070d8?s=96&d=mm&r=g","url":"https:\/\/secure.gravatar.com\/avatar\/6ca37e63e5d1de57514ad0d3c170b2985e0db68fefd27e54d92deccc468070d8?s=96&d=mm&r=g","contentUrl":"https:\/\/secure.gravatar.com\/avatar\/6ca37e63e5d1de57514ad0d3c170b2985e0db68fefd27e54d92deccc468070d8?s=96&d=mm&r=g","caption":"gfima"},"sameAs":["https:\/\/x.com\/teamhost"],"url":"https:\/\/www.gfima.es\/?author=3"}]}},"_links":{"self":[{"href":"https:\/\/www.gfima.es\/index.php?rest_route=\/wp\/v2\/posts\/3533","targetHints":{"allow":["GET"]}}],"collection":[{"href":"https:\/\/www.gfima.es\/index.php?rest_route=\/wp\/v2\/posts"}],"about":[{"href":"https:\/\/www.gfima.es\/index.php?rest_route=\/wp\/v2\/types\/post"}],"author":[{"embeddable":true,"href":"https:\/\/www.gfima.es\/index.php?rest_route=\/wp\/v2\/users\/3"}],"replies":[{"embeddable":true,"href":"https:\/\/www.gfima.es\/index.php?rest_route=%2Fwp%2Fv2%2Fcomments&post=3533"}],"version-history":[{"count":1,"href":"https:\/\/www.gfima.es\/index.php?rest_route=\/wp\/v2\/posts\/3533\/revisions"}],"predecessor-version":[{"id":3535,"href":"https:\/\/www.gfima.es\/index.php?rest_route=\/wp\/v2\/posts\/3533\/revisions\/3535"}],"wp:featuredmedia":[{"embeddable":true,"href":"https:\/\/www.gfima.es\/index.php?rest_route=\/wp\/v2\/media\/3534"}],"wp:attachment":[{"href":"https:\/\/www.gfima.es\/index.php?rest_route=%2Fwp%2Fv2%2Fmedia&parent=3533"}],"wp:term":[{"taxonomy":"category","embeddable":true,"href":"https:\/\/www.gfima.es\/index.php?rest_route=%2Fwp%2Fv2%2Fcategories&post=3533"},{"taxonomy":"post_tag","embeddable":true,"href":"https:\/\/www.gfima.es\/index.php?rest_route=%2Fwp%2Fv2%2Ftags&post=3533"}],"curies":[{"name":"wp","href":"https:\/\/api.w.org\/{rel}","templated":true}]}}