{"id":3497,"date":"2024-12-13T13:38:46","date_gmt":"2024-12-13T12:38:46","guid":{"rendered":"https:\/\/www.gfima.es\/?p=3497"},"modified":"2025-02-21T12:47:12","modified_gmt":"2025-02-21T11:47:12","slug":"el-bce-baja-tipos-y-anticipa-un-2025-caliente-para-la-vivienda","status":"publish","type":"post","link":"https:\/\/www.gfima.es\/?p=3497","title":{"rendered":"El BCE baja tipos y anticipa un 2025 caliente para la vivienda"},"content":{"rendered":"\n<p>El Banco Central Europeo ha reducido nuevamente los tipos de inter\u00e9s, esta vez en 25 puntos b\u00e1sicos, situ\u00e1ndolos en el 3%. Este es el cuarto recorte en lo que va del a\u00f1o, y los expertos anticipan nuevas reducciones en los pr\u00f3ximos meses. Esto podr\u00eda traducirse en una mayor ca\u00edda del eur\u00edbor, condiciones m\u00e1s favorables para las hipotecas y un nuevo impulso para el mercado inmobiliario. Sin embargo, la falta de oferta sigue siendo el principal desaf\u00edo. Con una financiaci\u00f3n m\u00e1s accesible, es probable que la demanda aumente, ejerciendo una presi\u00f3n adicional sobre los precios.<\/p>\n\n\n\n<figure class=\"wp-block-image size-full\"><img fetchpriority=\"high\" decoding=\"async\" width=\"897\" height=\"455\" src=\"https:\/\/www.gfima.es\/wp-content\/uploads\/2024\/12\/image.png\" alt=\"\" class=\"wp-image-3498\" srcset=\"https:\/\/www.gfima.es\/wp-content\/uploads\/2024\/12\/image.png 897w, https:\/\/www.gfima.es\/wp-content\/uploads\/2024\/12\/image-300x152.png 300w, https:\/\/www.gfima.es\/wp-content\/uploads\/2024\/12\/image-768x390.png 768w\" sizes=\"(max-width: 897px) 100vw, 897px\" \/><\/figure>\n\n\n\n<p>El eur\u00edbor, indicador de referencia de la mayor\u00eda de hipotecas variables en Espa\u00f1a, sigue bajando aunque a un ritmo m\u00e1s lento. Actualmente, su media de diciembre ronda el 2,4%, el nivel m\u00e1s bajo desde 2022, lo que reduce las cuotas de las hipotecas a tipo variable. Las previsiones apuntan a una media de 2,5% en 2025 si el BCE contin\u00faa bajando los tipos de inter\u00e9s.<\/p>\n\n\n\n<p><strong>Impacto en hipotecas y mercado inmobiliario<\/strong><\/p>\n\n\n\n<ul class=\"wp-block-list\">\n<li><strong>Hipotecas m\u00e1s accesibles<\/strong>: Los bancos est\u00e1n ajustando sus ofertas, con hipotecas fijas entre el 2% y 2,5%.<\/li>\n\n\n\n<li><strong>Demanda vs. oferta<\/strong>: La fuerte demanda de vivienda supera la oferta, manteniendo la presi\u00f3n sobre los precios.<\/li>\n\n\n\n<li><strong>Aumento de transacciones<\/strong>: Se prev\u00e9 un r\u00e9cord de compraventas en 2025, impulsado por el cr\u00e9dito accesible.<\/li>\n<\/ul>\n\n\n\n<hr class=\"wp-block-separator has-alpha-channel-opacity\"\/>\n\n\n\n<p class=\"has-medium-font-size\"><strong>Aqu\u00ed te resumimos las claves:<\/strong><\/p>\n\n\n\n<ol class=\"wp-block-list\">\n<li><strong>Hipotecas m\u00e1s baratas<\/strong><br>La tendencia hacia hipotecas m\u00e1s accesibles continuar\u00e1 siendo una realidad en 2025. Con una econom\u00eda m\u00e1s estable y ajustes en los tipos de inter\u00e9s, los consumidores podr\u00e1n beneficiarse de condiciones m\u00e1s favorables, especialmente en las hipotecas a tipo variable.<\/li>\n\n\n\n<li><strong>El eur\u00edbor seguir\u00e1 bajando, pero a menor ritmo<\/strong><br>Aunque el eur\u00edbor, principal \u00edndice de referencia para las hipotecas en Europa, mantendr\u00e1 su descenso, el ritmo ser\u00e1 m\u00e1s lento en comparaci\u00f3n con a\u00f1os anteriores. Esto responde a un contexto econ\u00f3mico m\u00e1s moderado y a decisiones del Banco Central Europeo (BCE) m\u00e1s conservadoras.<\/li>\n\n\n\n<li><strong>Reajuste de las ofertas hipotecarias<\/strong><br>Los bancos tendr\u00e1n que adaptarse a un entorno de tipos de inter\u00e9s m\u00e1s bajos. Se espera una competencia m\u00e1s intensa entre las entidades financieras, lo que podr\u00eda traducirse en mejores ofertas para los clientes, pero tambi\u00e9n en una mayor exigencia en los requisitos para conceder hipotecas.<\/li>\n\n\n\n<li><strong>M\u00e1s presi\u00f3n para el mercado de la vivienda<\/strong><br>La combinaci\u00f3n de hipotecas m\u00e1s baratas y una recuperaci\u00f3n econ\u00f3mica consolidada ejercer\u00e1 presi\u00f3n en el mercado de la vivienda. Esto podr\u00eda provocar un aumento de los precios en zonas con alta demanda, mientras que en \u00e1reas rurales o menos atractivas los valores podr\u00edan mantenerse estables o incluso disminuir.<\/li>\n\n\n\n<li><strong>Los tipos bajar\u00e1n m\u00e1s, pero hay riesgos<\/strong><br>Aunque los tipos de inter\u00e9s seguir\u00e1n reduci\u00e9ndose, el BCE advierte sobre los riesgos asociados a un entorno de tipos bajos, como el sobreendeudamiento de las familias o posibles desequilibrios en el sector inmobiliario.<\/li>\n\n\n\n<li><strong>El nuevo cuadro macro del BCE<\/strong><br>El Banco Central Europeo publicar\u00e1 un nuevo cuadro macroecon\u00f3mico para 2025, que incluir\u00e1 previsiones actualizadas sobre crecimiento, inflaci\u00f3n y empleo. Este documento ser\u00e1 crucial para entender las decisiones futuras en pol\u00edtica monetaria y su impacto en la econom\u00eda y el mercado inmobiliario.<\/li>\n\n\n\n<li><strong>Calendario de las reuniones del BCE en 2025<\/strong><br>El calendario de reuniones del BCE ser\u00e1 clave para anticipar cambios en los tipos de inter\u00e9s y otras medidas. Los inversores, agentes inmobiliarios y consumidores deber\u00e1n estar atentos a estas fechas para ajustar sus estrategias financieras y de inversi\u00f3n.\n<ul class=\"wp-block-list\">\n<li>12 de diciembre de 2024<\/li>\n\n\n\n<li>30 de enero de 2025<\/li>\n\n\n\n<li>6 de marzo de 2025<\/li>\n\n\n\n<li>17 de abril de 2025<\/li>\n\n\n\n<li>5 de junio de 2025<\/li>\n\n\n\n<li>24 de julio de 2025<\/li>\n\n\n\n<li>11 de septiembre de 2025<\/li>\n\n\n\n<li>30 de octubre de 2025<\/li>\n\n\n\n<li>18 de diciembre de 2025<\/li>\n<\/ul>\n<\/li>\n<\/ol>\n\n\n\n<p>En resumen, 2025 promete ser un a\u00f1o de transformaciones significativas tanto para el mercado hipotecario como para el sector inmobiliario. Estar informado y planificar con antelaci\u00f3n ser\u00e1n herramientas esenciales para aprovechar las oportunidades y mitigar los riesgos.<\/p>\n\n\n\n<hr class=\"wp-block-separator has-alpha-channel-opacity\"\/>\n","protected":false},"excerpt":{"rendered":"<p>El Banco Central Europeo ha reducido nuevamente los tipos de inter\u00e9s, esta vez en 25 puntos b\u00e1sicos, situ\u00e1ndolos en el 3%. Este es el cuarto recorte en lo que va del a\u00f1o, y los expertos anticipan nuevas reducciones en los pr\u00f3ximos meses. Esto podr\u00eda traducirse en una mayor ca\u00edda del eur\u00edbor, condiciones m\u00e1s favorables para [&hellip;]<\/p>\n","protected":false},"author":3,"featured_media":3500,"comment_status":"closed","ping_status":"open","sticky":false,"template":"","format":"standard","meta":{"site-sidebar-layout":"default","site-content-layout":"","ast-site-content-layout":"default","site-content-style":"default","site-sidebar-style":"default","ast-global-header-display":"","ast-banner-title-visibility":"","ast-main-header-display":"","ast-hfb-above-header-display":"","ast-hfb-below-header-display":"","ast-hfb-mobile-header-display":"","site-post-title":"","ast-breadcrumbs-content":"","ast-featured-img":"","footer-sml-layout":"","ast-disable-related-posts":"","theme-transparent-header-meta":"","adv-header-id-meta":"","stick-header-meta":"","header-above-stick-meta":"","header-main-stick-meta":"","header-below-stick-meta":"","astra-migrate-meta-layouts":"set","ast-page-background-enabled":"default","ast-page-background-meta":{"desktop":{"background-color":"var(--ast-global-color-4)","background-image":"","background-repeat":"repeat","background-position":"center center","background-size":"auto","background-attachment":"scroll","background-type":"","background-media":"","overlay-type":"","overlay-color":"","overlay-opacity":"","overlay-gradient":""},"tablet":{"background-color":"","background-image":"","background-repeat":"repeat","background-position":"center center","background-size":"auto","background-attachment":"scroll","background-type":"","background-media":"","overlay-type":"","overlay-color":"","overlay-opacity":"","overlay-gradient":""},"mobile":{"background-color":"","background-image":"","background-repeat":"repeat","background-position":"center center","background-size":"auto","background-attachment":"scroll","background-type":"","background-media":"","overlay-type":"","overlay-color":"","overlay-opacity":"","overlay-gradient":""}},"ast-content-background-meta":{"desktop":{"background-color":"var(--ast-global-color-5)","background-image":"","background-repeat":"repeat","background-position":"center center","background-size":"auto","background-attachment":"scroll","background-type":"","background-media":"","overlay-type":"","overlay-color":"","overlay-opacity":"","overlay-gradient":""},"tablet":{"background-color":"var(--ast-global-color-5)","background-image":"","background-repeat":"repeat","background-position":"center center","background-size":"auto","background-attachment":"scroll","background-type":"","background-media":"","overlay-type":"","overlay-color":"","overlay-opacity":"","overlay-gradient":""},"mobile":{"background-color":"var(--ast-global-color-5)","background-image":"","background-repeat":"repeat","background-position":"center center","background-size":"auto","background-attachment":"scroll","background-type":"","background-media":"","overlay-type":"","overlay-color":"","overlay-opacity":"","overlay-gradient":""}},"_joinchat":[],"footnotes":""},"categories":[17,43,1],"tags":[24,28,26,29,34,27,32,25],"class_list":["post-3497","post","type-post","status-publish","format-standard","has-post-thumbnail","hentry","category-actualidad","category-hipotecas","category-sin-categoria","tag-alquiler","tag-casas","tag-ciudad-real","tag-comprar","tag-hipotecas","tag-pisos","tag-tomelloso","tag-vivienda"],"yoast_head":"<!-- This site is optimized with the Yoast SEO plugin v27.5 - https:\/\/yoast.com\/product\/yoast-seo-wordpress\/ -->\n<title>El BCE baja tipos y anticipa un 2025 caliente para la vivienda - Gfima<\/title>\n<meta name=\"robots\" content=\"index, follow, max-snippet:-1, max-image-preview:large, max-video-preview:-1\" \/>\n<link rel=\"canonical\" href=\"https:\/\/www.gfima.es\/?p=3497\" \/>\n<meta property=\"og:locale\" content=\"es_ES\" \/>\n<meta property=\"og:type\" content=\"article\" \/>\n<meta property=\"og:title\" content=\"El BCE baja tipos y anticipa un 2025 caliente para la vivienda - Gfima\" \/>\n<meta property=\"og:description\" content=\"El Banco Central Europeo ha reducido nuevamente los tipos de inter\u00e9s, esta vez en 25 puntos b\u00e1sicos, situ\u00e1ndolos en el 3%. Este es el cuarto recorte en lo que va del a\u00f1o, y los expertos anticipan nuevas reducciones en los pr\u00f3ximos meses. Esto podr\u00eda traducirse en una mayor ca\u00edda del eur\u00edbor, condiciones m\u00e1s favorables para [&hellip;]\" \/>\n<meta property=\"og:url\" content=\"https:\/\/www.gfima.es\/?p=3497\" \/>\n<meta property=\"og:site_name\" content=\"Gfima\" \/>\n<meta property=\"article:publisher\" content=\"https:\/\/www.facebook.com\/GfimaInmobiliaria\" \/>\n<meta property=\"article:published_time\" content=\"2024-12-13T12:38:46+00:00\" \/>\n<meta property=\"article:modified_time\" content=\"2025-02-21T11:47:12+00:00\" \/>\n<meta property=\"og:image\" content=\"https:\/\/www.gfima.es\/wp-content\/uploads\/2024\/12\/08B53ECA-3F65-4827-80EB-73DD5EF803DD.png\" \/>\n\t<meta property=\"og:image:width\" content=\"384\" \/>\n\t<meta property=\"og:image:height\" content=\"384\" \/>\n\t<meta property=\"og:image:type\" content=\"image\/png\" \/>\n<meta name=\"author\" content=\"gfima\" \/>\n<meta name=\"twitter:card\" content=\"summary_large_image\" \/>\n<meta name=\"twitter:creator\" content=\"@teamhost\" \/>\n<meta name=\"twitter:label1\" content=\"Escrito por\" \/>\n\t<meta name=\"twitter:data1\" content=\"gfima\" \/>\n\t<meta name=\"twitter:label2\" content=\"Tiempo de lectura\" \/>\n\t<meta name=\"twitter:data2\" content=\"4 minutos\" \/>\n<script type=\"application\/ld+json\" class=\"yoast-schema-graph\">{\"@context\":\"https:\\\/\\\/schema.org\",\"@graph\":[{\"@type\":\"Article\",\"@id\":\"https:\\\/\\\/www.gfima.es\\\/?p=3497#article\",\"isPartOf\":{\"@id\":\"https:\\\/\\\/www.gfima.es\\\/?p=3497\"},\"author\":{\"name\":\"gfima\",\"@id\":\"https:\\\/\\\/www.gfima.es\\\/#\\\/schema\\\/person\\\/bed7acc555b4b94c632313b65701788b\"},\"headline\":\"El BCE baja tipos y anticipa un 2025 caliente para la vivienda\",\"datePublished\":\"2024-12-13T12:38:46+00:00\",\"dateModified\":\"2025-02-21T11:47:12+00:00\",\"mainEntityOfPage\":{\"@id\":\"https:\\\/\\\/www.gfima.es\\\/?p=3497\"},\"wordCount\":687,\"publisher\":{\"@id\":\"https:\\\/\\\/www.gfima.es\\\/#organization\"},\"image\":{\"@id\":\"https:\\\/\\\/www.gfima.es\\\/?p=3497#primaryimage\"},\"thumbnailUrl\":\"https:\\\/\\\/www.gfima.es\\\/wp-content\\\/uploads\\\/2024\\\/12\\\/08B53ECA-3F65-4827-80EB-73DD5EF803DD.png\",\"keywords\":[\"alquiler\",\"casas\",\"ciudad real\",\"comprar\",\"hipotecas\",\"pisos\",\"tomelloso\",\"vivienda\"],\"articleSection\":[\"Actualidad\",\"Hipotecas\"],\"inLanguage\":\"es\"},{\"@type\":\"WebPage\",\"@id\":\"https:\\\/\\\/www.gfima.es\\\/?p=3497\",\"url\":\"https:\\\/\\\/www.gfima.es\\\/?p=3497\",\"name\":\"El BCE baja tipos y anticipa un 2025 caliente para la vivienda - Gfima\",\"isPartOf\":{\"@id\":\"https:\\\/\\\/www.gfima.es\\\/#website\"},\"primaryImageOfPage\":{\"@id\":\"https:\\\/\\\/www.gfima.es\\\/?p=3497#primaryimage\"},\"image\":{\"@id\":\"https:\\\/\\\/www.gfima.es\\\/?p=3497#primaryimage\"},\"thumbnailUrl\":\"https:\\\/\\\/www.gfima.es\\\/wp-content\\\/uploads\\\/2024\\\/12\\\/08B53ECA-3F65-4827-80EB-73DD5EF803DD.png\",\"datePublished\":\"2024-12-13T12:38:46+00:00\",\"dateModified\":\"2025-02-21T11:47:12+00:00\",\"breadcrumb\":{\"@id\":\"https:\\\/\\\/www.gfima.es\\\/?p=3497#breadcrumb\"},\"inLanguage\":\"es\",\"potentialAction\":[{\"@type\":\"ReadAction\",\"target\":[\"https:\\\/\\\/www.gfima.es\\\/?p=3497\"]}]},{\"@type\":\"ImageObject\",\"inLanguage\":\"es\",\"@id\":\"https:\\\/\\\/www.gfima.es\\\/?p=3497#primaryimage\",\"url\":\"https:\\\/\\\/www.gfima.es\\\/wp-content\\\/uploads\\\/2024\\\/12\\\/08B53ECA-3F65-4827-80EB-73DD5EF803DD.png\",\"contentUrl\":\"https:\\\/\\\/www.gfima.es\\\/wp-content\\\/uploads\\\/2024\\\/12\\\/08B53ECA-3F65-4827-80EB-73DD5EF803DD.png\",\"width\":384,\"height\":384},{\"@type\":\"BreadcrumbList\",\"@id\":\"https:\\\/\\\/www.gfima.es\\\/?p=3497#breadcrumb\",\"itemListElement\":[{\"@type\":\"ListItem\",\"position\":1,\"name\":\"Portada\",\"item\":\"https:\\\/\\\/www.gfima.es\\\/\"},{\"@type\":\"ListItem\",\"position\":2,\"name\":\"El BCE baja tipos y anticipa un 2025 caliente para la vivienda\"}]},{\"@type\":\"WebSite\",\"@id\":\"https:\\\/\\\/www.gfima.es\\\/#website\",\"url\":\"https:\\\/\\\/www.gfima.es\\\/\",\"name\":\"Gfima\",\"description\":\"Agencia inmobiliaria\",\"publisher\":{\"@id\":\"https:\\\/\\\/www.gfima.es\\\/#organization\"},\"potentialAction\":[{\"@type\":\"SearchAction\",\"target\":{\"@type\":\"EntryPoint\",\"urlTemplate\":\"https:\\\/\\\/www.gfima.es\\\/?s={search_term_string}\"},\"query-input\":{\"@type\":\"PropertyValueSpecification\",\"valueRequired\":true,\"valueName\":\"search_term_string\"}}],\"inLanguage\":\"es\"},{\"@type\":\"Organization\",\"@id\":\"https:\\\/\\\/www.gfima.es\\\/#organization\",\"name\":\"Gfima inmobiliaria\",\"url\":\"https:\\\/\\\/www.gfima.es\\\/\",\"logo\":{\"@type\":\"ImageObject\",\"inLanguage\":\"es\",\"@id\":\"https:\\\/\\\/www.gfima.es\\\/#\\\/schema\\\/logo\\\/image\\\/\",\"url\":\"https:\\\/\\\/www.gfima.es\\\/wp-content\\\/uploads\\\/2023\\\/04\\\/LogoGfima.png\",\"contentUrl\":\"https:\\\/\\\/www.gfima.es\\\/wp-content\\\/uploads\\\/2023\\\/04\\\/LogoGfima.png\",\"width\":1630,\"height\":925,\"caption\":\"Gfima inmobiliaria\"},\"image\":{\"@id\":\"https:\\\/\\\/www.gfima.es\\\/#\\\/schema\\\/logo\\\/image\\\/\"},\"sameAs\":[\"https:\\\/\\\/www.facebook.com\\\/GfimaInmobiliaria\",\"https:\\\/\\\/www.instagram.com\\\/gfima_inmobiliaria\"]},{\"@type\":\"Person\",\"@id\":\"https:\\\/\\\/www.gfima.es\\\/#\\\/schema\\\/person\\\/bed7acc555b4b94c632313b65701788b\",\"name\":\"gfima\",\"image\":{\"@type\":\"ImageObject\",\"inLanguage\":\"es\",\"@id\":\"https:\\\/\\\/secure.gravatar.com\\\/avatar\\\/6ca37e63e5d1de57514ad0d3c170b2985e0db68fefd27e54d92deccc468070d8?s=96&d=mm&r=g\",\"url\":\"https:\\\/\\\/secure.gravatar.com\\\/avatar\\\/6ca37e63e5d1de57514ad0d3c170b2985e0db68fefd27e54d92deccc468070d8?s=96&d=mm&r=g\",\"contentUrl\":\"https:\\\/\\\/secure.gravatar.com\\\/avatar\\\/6ca37e63e5d1de57514ad0d3c170b2985e0db68fefd27e54d92deccc468070d8?s=96&d=mm&r=g\",\"caption\":\"gfima\"},\"sameAs\":[\"https:\\\/\\\/x.com\\\/teamhost\"],\"url\":\"https:\\\/\\\/www.gfima.es\\\/?author=3\"}]}<\/script>\n<!-- \/ Yoast SEO plugin. -->","yoast_head_json":{"title":"El BCE baja tipos y anticipa un 2025 caliente para la vivienda - Gfima","robots":{"index":"index","follow":"follow","max-snippet":"max-snippet:-1","max-image-preview":"max-image-preview:large","max-video-preview":"max-video-preview:-1"},"canonical":"https:\/\/www.gfima.es\/?p=3497","og_locale":"es_ES","og_type":"article","og_title":"El BCE baja tipos y anticipa un 2025 caliente para la vivienda - Gfima","og_description":"El Banco Central Europeo ha reducido nuevamente los tipos de inter\u00e9s, esta vez en 25 puntos b\u00e1sicos, situ\u00e1ndolos en el 3%. Este es el cuarto recorte en lo que va del a\u00f1o, y los expertos anticipan nuevas reducciones en los pr\u00f3ximos meses. Esto podr\u00eda traducirse en una mayor ca\u00edda del eur\u00edbor, condiciones m\u00e1s favorables para [&hellip;]","og_url":"https:\/\/www.gfima.es\/?p=3497","og_site_name":"Gfima","article_publisher":"https:\/\/www.facebook.com\/GfimaInmobiliaria","article_published_time":"2024-12-13T12:38:46+00:00","article_modified_time":"2025-02-21T11:47:12+00:00","og_image":[{"width":384,"height":384,"url":"https:\/\/www.gfima.es\/wp-content\/uploads\/2024\/12\/08B53ECA-3F65-4827-80EB-73DD5EF803DD.png","type":"image\/png"}],"author":"gfima","twitter_card":"summary_large_image","twitter_creator":"@teamhost","twitter_misc":{"Escrito por":"gfima","Tiempo de lectura":"4 minutos"},"schema":{"@context":"https:\/\/schema.org","@graph":[{"@type":"Article","@id":"https:\/\/www.gfima.es\/?p=3497#article","isPartOf":{"@id":"https:\/\/www.gfima.es\/?p=3497"},"author":{"name":"gfima","@id":"https:\/\/www.gfima.es\/#\/schema\/person\/bed7acc555b4b94c632313b65701788b"},"headline":"El BCE baja tipos y anticipa un 2025 caliente para la vivienda","datePublished":"2024-12-13T12:38:46+00:00","dateModified":"2025-02-21T11:47:12+00:00","mainEntityOfPage":{"@id":"https:\/\/www.gfima.es\/?p=3497"},"wordCount":687,"publisher":{"@id":"https:\/\/www.gfima.es\/#organization"},"image":{"@id":"https:\/\/www.gfima.es\/?p=3497#primaryimage"},"thumbnailUrl":"https:\/\/www.gfima.es\/wp-content\/uploads\/2024\/12\/08B53ECA-3F65-4827-80EB-73DD5EF803DD.png","keywords":["alquiler","casas","ciudad real","comprar","hipotecas","pisos","tomelloso","vivienda"],"articleSection":["Actualidad","Hipotecas"],"inLanguage":"es"},{"@type":"WebPage","@id":"https:\/\/www.gfima.es\/?p=3497","url":"https:\/\/www.gfima.es\/?p=3497","name":"El BCE baja tipos y anticipa un 2025 caliente para la vivienda - Gfima","isPartOf":{"@id":"https:\/\/www.gfima.es\/#website"},"primaryImageOfPage":{"@id":"https:\/\/www.gfima.es\/?p=3497#primaryimage"},"image":{"@id":"https:\/\/www.gfima.es\/?p=3497#primaryimage"},"thumbnailUrl":"https:\/\/www.gfima.es\/wp-content\/uploads\/2024\/12\/08B53ECA-3F65-4827-80EB-73DD5EF803DD.png","datePublished":"2024-12-13T12:38:46+00:00","dateModified":"2025-02-21T11:47:12+00:00","breadcrumb":{"@id":"https:\/\/www.gfima.es\/?p=3497#breadcrumb"},"inLanguage":"es","potentialAction":[{"@type":"ReadAction","target":["https:\/\/www.gfima.es\/?p=3497"]}]},{"@type":"ImageObject","inLanguage":"es","@id":"https:\/\/www.gfima.es\/?p=3497#primaryimage","url":"https:\/\/www.gfima.es\/wp-content\/uploads\/2024\/12\/08B53ECA-3F65-4827-80EB-73DD5EF803DD.png","contentUrl":"https:\/\/www.gfima.es\/wp-content\/uploads\/2024\/12\/08B53ECA-3F65-4827-80EB-73DD5EF803DD.png","width":384,"height":384},{"@type":"BreadcrumbList","@id":"https:\/\/www.gfima.es\/?p=3497#breadcrumb","itemListElement":[{"@type":"ListItem","position":1,"name":"Portada","item":"https:\/\/www.gfima.es\/"},{"@type":"ListItem","position":2,"name":"El BCE baja tipos y anticipa un 2025 caliente para la vivienda"}]},{"@type":"WebSite","@id":"https:\/\/www.gfima.es\/#website","url":"https:\/\/www.gfima.es\/","name":"Gfima","description":"Agencia inmobiliaria","publisher":{"@id":"https:\/\/www.gfima.es\/#organization"},"potentialAction":[{"@type":"SearchAction","target":{"@type":"EntryPoint","urlTemplate":"https:\/\/www.gfima.es\/?s={search_term_string}"},"query-input":{"@type":"PropertyValueSpecification","valueRequired":true,"valueName":"search_term_string"}}],"inLanguage":"es"},{"@type":"Organization","@id":"https:\/\/www.gfima.es\/#organization","name":"Gfima inmobiliaria","url":"https:\/\/www.gfima.es\/","logo":{"@type":"ImageObject","inLanguage":"es","@id":"https:\/\/www.gfima.es\/#\/schema\/logo\/image\/","url":"https:\/\/www.gfima.es\/wp-content\/uploads\/2023\/04\/LogoGfima.png","contentUrl":"https:\/\/www.gfima.es\/wp-content\/uploads\/2023\/04\/LogoGfima.png","width":1630,"height":925,"caption":"Gfima inmobiliaria"},"image":{"@id":"https:\/\/www.gfima.es\/#\/schema\/logo\/image\/"},"sameAs":["https:\/\/www.facebook.com\/GfimaInmobiliaria","https:\/\/www.instagram.com\/gfima_inmobiliaria"]},{"@type":"Person","@id":"https:\/\/www.gfima.es\/#\/schema\/person\/bed7acc555b4b94c632313b65701788b","name":"gfima","image":{"@type":"ImageObject","inLanguage":"es","@id":"https:\/\/secure.gravatar.com\/avatar\/6ca37e63e5d1de57514ad0d3c170b2985e0db68fefd27e54d92deccc468070d8?s=96&d=mm&r=g","url":"https:\/\/secure.gravatar.com\/avatar\/6ca37e63e5d1de57514ad0d3c170b2985e0db68fefd27e54d92deccc468070d8?s=96&d=mm&r=g","contentUrl":"https:\/\/secure.gravatar.com\/avatar\/6ca37e63e5d1de57514ad0d3c170b2985e0db68fefd27e54d92deccc468070d8?s=96&d=mm&r=g","caption":"gfima"},"sameAs":["https:\/\/x.com\/teamhost"],"url":"https:\/\/www.gfima.es\/?author=3"}]}},"_links":{"self":[{"href":"https:\/\/www.gfima.es\/index.php?rest_route=\/wp\/v2\/posts\/3497","targetHints":{"allow":["GET"]}}],"collection":[{"href":"https:\/\/www.gfima.es\/index.php?rest_route=\/wp\/v2\/posts"}],"about":[{"href":"https:\/\/www.gfima.es\/index.php?rest_route=\/wp\/v2\/types\/post"}],"author":[{"embeddable":true,"href":"https:\/\/www.gfima.es\/index.php?rest_route=\/wp\/v2\/users\/3"}],"replies":[{"embeddable":true,"href":"https:\/\/www.gfima.es\/index.php?rest_route=%2Fwp%2Fv2%2Fcomments&post=3497"}],"version-history":[{"count":1,"href":"https:\/\/www.gfima.es\/index.php?rest_route=\/wp\/v2\/posts\/3497\/revisions"}],"predecessor-version":[{"id":3499,"href":"https:\/\/www.gfima.es\/index.php?rest_route=\/wp\/v2\/posts\/3497\/revisions\/3499"}],"wp:featuredmedia":[{"embeddable":true,"href":"https:\/\/www.gfima.es\/index.php?rest_route=\/wp\/v2\/media\/3500"}],"wp:attachment":[{"href":"https:\/\/www.gfima.es\/index.php?rest_route=%2Fwp%2Fv2%2Fmedia&parent=3497"}],"wp:term":[{"taxonomy":"category","embeddable":true,"href":"https:\/\/www.gfima.es\/index.php?rest_route=%2Fwp%2Fv2%2Fcategories&post=3497"},{"taxonomy":"post_tag","embeddable":true,"href":"https:\/\/www.gfima.es\/index.php?rest_route=%2Fwp%2Fv2%2Ftags&post=3497"}],"curies":[{"name":"wp","href":"https:\/\/api.w.org\/{rel}","templated":true}]}}