{"id":1813,"date":"2024-08-03T12:48:38","date_gmt":"2024-08-03T10:48:38","guid":{"rendered":"https:\/\/gfima.es\/?p=1813"},"modified":"2025-02-21T12:47:13","modified_gmt":"2025-02-21T11:47:13","slug":"la-comisaria-europea-de-la-vivienda-otro-palo-en-el-juego-de-la-horca-regulatoria","status":"publish","type":"post","link":"https:\/\/www.gfima.es\/?p=1813","title":{"rendered":"La Comisar\u00eda Europea de la Vivienda: \u00bfotro palo en el juego de la horca regulatoria?"},"content":{"rendered":"\n<p>En el asunto de la vivienda todo el mundo quiere meter mano. Cuando un pol\u00edtico quiere asegurarse la presencia de periodistas en una rueda de prensa o evento p\u00fablico, solo tiene que invocar algo relacionado con la vivienda para asegurarse el quorum medi\u00e1tico necesario. El problema es que la intervenci\u00f3n de la Administraci\u00f3n, o m\u00e1s bien deber\u00edamos hablar de las Administraciones, no siempre va en el buen sentido. Incluso cuando supuestamente se quiere beneficiar al sector.<\/p>\n\n\n\n<p>En este sentido, la Presidenta de la Comisi\u00f3n Europea (el \u00f3rgano ejecutivo de la UE), ha anunciado recientemente la creaci\u00f3n de una Comisar\u00eda de la Vivienda. Lo m\u00e1s sospechoso es que la nueva Comisar\u00eda (como se llaman lo que en Espa\u00f1a ser\u00edan Ministerios y en EEUU Secretar\u00edas) se crea a instancias del &nbsp;Grupo Socialista Europeo, a cambio del apoyo con sus votos para renovar en el cargo a la incumbente&nbsp;<strong>Ursula Van der Leyen<\/strong>. No es por la procedencia ideol\u00f3gica de la iniciativa, que tambi\u00e9n, sino porque todo apunta a una nueva oleada de regulaciones y normativas, en las que los bur\u00f3cratas europeos son los mayores expertos del mundo.<\/p>\n\n\n\n<p>La noticia es una ocasi\u00f3n tan buena como otra cualquiera para recordar lo que funciona o no funciona en cuanto a pol\u00edticas p\u00fablicas en relaci\u00f3n con la vivienda. Hist\u00f3ricamente, lo que m\u00e1s estimula al Sector es, sin duda, cuando no solo se traspasan las competencias de Planificaci\u00f3n urban\u00edstica a los Ayuntamientos sino que permiten que estos se beneficien de los impuestos que se generan por la aprobaci\u00f3n de licencias mediante cesiones de suelo para vivienda social y de infraestructuras para la ciudad en el \u00e1mbito de los Planes Parciales y Unidades de Actuaci\u00f3n. Eso provoca un fuerte incentivo para las autoridades locales en cuanto a dar facilidades para la generaci\u00f3n de suelo urbanizable y edificable. La corrupci\u00f3n de este sistema se da cuando los Ayuntamientos acaparan el suelo cedido y lo ponen en el mercado para obtener beneficios con los que llenar sus arcas y estimular a los votantes, en vez destinarlo a la vivienda social. Porque ya hemos visto que si los Ayuntamientos no promueven vivienda de alquiler reducido, el Estado act\u00faa trasladando a los particulares y entidades financieras la pol\u00edtica de asistencia social perjudicando el derecho a la propiedad. Ah\u00ed est\u00e1n la congelaci\u00f3n de rentas, la alquiokupaci\u00f3n o la prohibici\u00f3n de desahucios a personas vulnerables. Como si las pol\u00edticas sociales fueran responsabilidad de los propietarios y no de las Administraciones p\u00fablicas.<\/p>\n\n\n\n<p>El extremo de esta pol\u00edtica de favorecer a las Administraciones locales para que generen recursos propios a partir del inmobiliario, se ha dado en China, donde la venta de suelo por parte de las entidades locales (todo el suelo es p\u00fablico porque es un Pais que viene del comunismo m\u00e1s estricto) era pr\u00e1cticamente su \u00fanica fuente de financiaci\u00f3n. Cuando ha estallado la burbuja inmobiliaria, y la poblaci\u00f3n china ha dejado de comprar unas viviendas que cada vez valen menos en el mercado, estos municipios se han encontrado sin recursos con los que financiarse y se enfrentan a la siempre delicada situaci\u00f3n de tener que elevar los impuestos. Por el contrario, el nuevo Gobierno laborista brit\u00e1nico est\u00e1 por la labor de facilitar que los Ayuntamientos se beneficien de la generaci\u00f3n de suelo y de la edificaci\u00f3n de viviendas. Hasta ahora, era el Estado el que recaudaba los impuestos mientras que los Ayuntamientos soportaban la presi\u00f3n de los&nbsp;<em>nimbys<\/em>, los ciudadanos que se oponen a las molestias que producen las obras de edificaci\u00f3n y urbanizaci\u00f3n (\u201cnot in my backyard\u201d, o \u201cno en mi patio trasero\u201d). Por encima de los pol\u00edticos locales, est\u00e1n los provinciales y auton\u00f3micos, que asumen la ordenaci\u00f3n del territorio com\u00fan y sancionan los planes urban\u00edsticos, y por encima de estos el Estado con su Ministerio de la Vivienda. Hasta ahora, y con su nefasta Ley de la Vivienda, el Gobierno actual, solo ha aportado regulaciones y miseria para las propietarios, sin solucionar realmente las necesidades de la poblaci\u00f3n vulnerable. Parece que la cosa tiene mejor pinta con la nueva ministra del ramo Isabel Rodr\u00edguez y el reci\u00e9n nombrado ministro de Econom\u00eda Carlos Cuerpo. En cuanto de la nueva Comisar\u00eda Europea, se teme que solo aporte m\u00e1s regulaci\u00f3n y m\u00e1s trabas para la edificaci\u00f3n y urbanizaci\u00f3n en aras, eso s\u00ed, de los derechos del consumidor y de la lucha contra la crisis clim\u00e1tica. Tambi\u00e9n traer\u00e1 m\u00e1s dinero p\u00fablico para compensar. Esperemos que la soga apriete pero no termine de ahogar al Sector.<\/p>\n\n\n\n<p>Por Dionisio Escarbajal<\/p>\n","protected":false},"excerpt":{"rendered":"<p>En el asunto de la vivienda todo el mundo quiere meter mano. Cuando un pol\u00edtico quiere asegurarse la presencia de periodistas en una rueda de prensa o evento p\u00fablico, solo tiene que invocar algo relacionado con la vivienda para asegurarse el quorum medi\u00e1tico necesario. El problema es que la intervenci\u00f3n de la Administraci\u00f3n, o m\u00e1s [&hellip;]<\/p>\n","protected":false},"author":3,"featured_media":1835,"comment_status":"closed","ping_status":"open","sticky":false,"template":"","format":"standard","meta":{"site-sidebar-layout":"default","site-content-layout":"","ast-site-content-layout":"default","site-content-style":"default","site-sidebar-style":"default","ast-global-header-display":"","ast-banner-title-visibility":"","ast-main-header-display":"","ast-hfb-above-header-display":"","ast-hfb-below-header-display":"","ast-hfb-mobile-header-display":"","site-post-title":"","ast-breadcrumbs-content":"","ast-featured-img":"","footer-sml-layout":"","ast-disable-related-posts":"","theme-transparent-header-meta":"","adv-header-id-meta":"","stick-header-meta":"","header-above-stick-meta":"","header-main-stick-meta":"","header-below-stick-meta":"","astra-migrate-meta-layouts":"set","ast-page-background-enabled":"default","ast-page-background-meta":{"desktop":{"background-color":"var(--ast-global-color-4)","background-image":"","background-repeat":"repeat","background-position":"center center","background-size":"auto","background-attachment":"scroll","background-type":"","background-media":"","overlay-type":"","overlay-color":"","overlay-opacity":"","overlay-gradient":""},"tablet":{"background-color":"","background-image":"","background-repeat":"repeat","background-position":"center center","background-size":"auto","background-attachment":"scroll","background-type":"","background-media":"","overlay-type":"","overlay-color":"","overlay-opacity":"","overlay-gradient":""},"mobile":{"background-color":"","background-image":"","background-repeat":"repeat","background-position":"center center","background-size":"auto","background-attachment":"scroll","background-type":"","background-media":"","overlay-type":"","overlay-color":"","overlay-opacity":"","overlay-gradient":""}},"ast-content-background-meta":{"desktop":{"background-color":"var(--ast-global-color-5)","background-image":"","background-repeat":"repeat","background-position":"center center","background-size":"auto","background-attachment":"scroll","background-type":"","background-media":"","overlay-type":"","overlay-color":"","overlay-opacity":"","overlay-gradient":""},"tablet":{"background-color":"var(--ast-global-color-5)","background-image":"","background-repeat":"repeat","background-position":"center center","background-size":"auto","background-attachment":"scroll","background-type":"","background-media":"","overlay-type":"","overlay-color":"","overlay-opacity":"","overlay-gradient":""},"mobile":{"background-color":"var(--ast-global-color-5)","background-image":"","background-repeat":"repeat","background-position":"center center","background-size":"auto","background-attachment":"scroll","background-type":"","background-media":"","overlay-type":"","overlay-color":"","overlay-opacity":"","overlay-gradient":""}},"_joinchat":[],"footnotes":""},"categories":[17,1],"tags":[],"class_list":["post-1813","post","type-post","status-publish","format-standard","has-post-thumbnail","hentry","category-actualidad","category-sin-categoria"],"yoast_head":"<!-- This site is optimized with the Yoast SEO plugin v27.5 - https:\/\/yoast.com\/product\/yoast-seo-wordpress\/ -->\n<title>La Comisar\u00eda Europea de la Vivienda: \u00bfotro palo en el juego de la horca regulatoria? - Gfima<\/title>\n<meta name=\"robots\" content=\"index, follow, max-snippet:-1, max-image-preview:large, max-video-preview:-1\" \/>\n<link rel=\"canonical\" href=\"https:\/\/www.gfima.es\/?p=1813\" \/>\n<meta property=\"og:locale\" content=\"es_ES\" \/>\n<meta property=\"og:type\" content=\"article\" \/>\n<meta property=\"og:title\" content=\"La Comisar\u00eda Europea de la Vivienda: \u00bfotro palo en el juego de la horca regulatoria? - Gfima\" \/>\n<meta property=\"og:description\" content=\"En el asunto de la vivienda todo el mundo quiere meter mano. Cuando un pol\u00edtico quiere asegurarse la presencia de periodistas en una rueda de prensa o evento p\u00fablico, solo tiene que invocar algo relacionado con la vivienda para asegurarse el quorum medi\u00e1tico necesario. El problema es que la intervenci\u00f3n de la Administraci\u00f3n, o m\u00e1s [&hellip;]\" \/>\n<meta property=\"og:url\" content=\"https:\/\/www.gfima.es\/?p=1813\" \/>\n<meta property=\"og:site_name\" content=\"Gfima\" \/>\n<meta property=\"article:publisher\" content=\"https:\/\/www.facebook.com\/GfimaInmobiliaria\" \/>\n<meta property=\"article:published_time\" content=\"2024-08-03T10:48:38+00:00\" \/>\n<meta property=\"article:modified_time\" content=\"2025-02-21T11:47:13+00:00\" \/>\n<meta property=\"og:image\" content=\"https:\/\/www.gfima.es\/wp-content\/uploads\/2024\/08\/La-Comisaria-Europea-de-la-Vivienda-otro-palo-en-el-juego-de-la-horca-regulatoria.jpg\" \/>\n\t<meta property=\"og:image:width\" content=\"1472\" \/>\n\t<meta property=\"og:image:height\" content=\"832\" \/>\n\t<meta property=\"og:image:type\" content=\"image\/jpeg\" \/>\n<meta name=\"author\" content=\"gfima\" \/>\n<meta name=\"twitter:card\" content=\"summary_large_image\" \/>\n<meta name=\"twitter:creator\" content=\"@teamhost\" \/>\n<meta name=\"twitter:label1\" content=\"Escrito por\" \/>\n\t<meta name=\"twitter:data1\" content=\"gfima\" \/>\n\t<meta name=\"twitter:label2\" content=\"Tiempo de lectura\" \/>\n\t<meta name=\"twitter:data2\" content=\"4 minutos\" \/>\n<script type=\"application\/ld+json\" class=\"yoast-schema-graph\">{\"@context\":\"https:\\\/\\\/schema.org\",\"@graph\":[{\"@type\":\"Article\",\"@id\":\"https:\\\/\\\/www.gfima.es\\\/?p=1813#article\",\"isPartOf\":{\"@id\":\"https:\\\/\\\/www.gfima.es\\\/?p=1813\"},\"author\":{\"name\":\"gfima\",\"@id\":\"https:\\\/\\\/www.gfima.es\\\/#\\\/schema\\\/person\\\/bed7acc555b4b94c632313b65701788b\"},\"headline\":\"La Comisar\u00eda Europea de la Vivienda: \u00bfotro palo en el juego de la horca regulatoria?\",\"datePublished\":\"2024-08-03T10:48:38+00:00\",\"dateModified\":\"2025-02-21T11:47:13+00:00\",\"mainEntityOfPage\":{\"@id\":\"https:\\\/\\\/www.gfima.es\\\/?p=1813\"},\"wordCount\":833,\"publisher\":{\"@id\":\"https:\\\/\\\/www.gfima.es\\\/#organization\"},\"image\":{\"@id\":\"https:\\\/\\\/www.gfima.es\\\/?p=1813#primaryimage\"},\"thumbnailUrl\":\"https:\\\/\\\/www.gfima.es\\\/wp-content\\\/uploads\\\/2024\\\/08\\\/La-Comisaria-Europea-de-la-Vivienda-otro-palo-en-el-juego-de-la-horca-regulatoria.jpg\",\"articleSection\":[\"Actualidad\"],\"inLanguage\":\"es\"},{\"@type\":\"WebPage\",\"@id\":\"https:\\\/\\\/www.gfima.es\\\/?p=1813\",\"url\":\"https:\\\/\\\/www.gfima.es\\\/?p=1813\",\"name\":\"La Comisar\u00eda Europea de la Vivienda: \u00bfotro palo en el juego de la horca regulatoria? - Gfima\",\"isPartOf\":{\"@id\":\"https:\\\/\\\/www.gfima.es\\\/#website\"},\"primaryImageOfPage\":{\"@id\":\"https:\\\/\\\/www.gfima.es\\\/?p=1813#primaryimage\"},\"image\":{\"@id\":\"https:\\\/\\\/www.gfima.es\\\/?p=1813#primaryimage\"},\"thumbnailUrl\":\"https:\\\/\\\/www.gfima.es\\\/wp-content\\\/uploads\\\/2024\\\/08\\\/La-Comisaria-Europea-de-la-Vivienda-otro-palo-en-el-juego-de-la-horca-regulatoria.jpg\",\"datePublished\":\"2024-08-03T10:48:38+00:00\",\"dateModified\":\"2025-02-21T11:47:13+00:00\",\"breadcrumb\":{\"@id\":\"https:\\\/\\\/www.gfima.es\\\/?p=1813#breadcrumb\"},\"inLanguage\":\"es\",\"potentialAction\":[{\"@type\":\"ReadAction\",\"target\":[\"https:\\\/\\\/www.gfima.es\\\/?p=1813\"]}]},{\"@type\":\"ImageObject\",\"inLanguage\":\"es\",\"@id\":\"https:\\\/\\\/www.gfima.es\\\/?p=1813#primaryimage\",\"url\":\"https:\\\/\\\/www.gfima.es\\\/wp-content\\\/uploads\\\/2024\\\/08\\\/La-Comisaria-Europea-de-la-Vivienda-otro-palo-en-el-juego-de-la-horca-regulatoria.jpg\",\"contentUrl\":\"https:\\\/\\\/www.gfima.es\\\/wp-content\\\/uploads\\\/2024\\\/08\\\/La-Comisaria-Europea-de-la-Vivienda-otro-palo-en-el-juego-de-la-horca-regulatoria.jpg\",\"width\":1472,\"height\":832},{\"@type\":\"BreadcrumbList\",\"@id\":\"https:\\\/\\\/www.gfima.es\\\/?p=1813#breadcrumb\",\"itemListElement\":[{\"@type\":\"ListItem\",\"position\":1,\"name\":\"Portada\",\"item\":\"https:\\\/\\\/www.gfima.es\\\/\"},{\"@type\":\"ListItem\",\"position\":2,\"name\":\"La Comisar\u00eda Europea de la Vivienda: \u00bfotro palo en el juego de la horca regulatoria?\"}]},{\"@type\":\"WebSite\",\"@id\":\"https:\\\/\\\/www.gfima.es\\\/#website\",\"url\":\"https:\\\/\\\/www.gfima.es\\\/\",\"name\":\"Gfima\",\"description\":\"Agencia inmobiliaria\",\"publisher\":{\"@id\":\"https:\\\/\\\/www.gfima.es\\\/#organization\"},\"potentialAction\":[{\"@type\":\"SearchAction\",\"target\":{\"@type\":\"EntryPoint\",\"urlTemplate\":\"https:\\\/\\\/www.gfima.es\\\/?s={search_term_string}\"},\"query-input\":{\"@type\":\"PropertyValueSpecification\",\"valueRequired\":true,\"valueName\":\"search_term_string\"}}],\"inLanguage\":\"es\"},{\"@type\":\"Organization\",\"@id\":\"https:\\\/\\\/www.gfima.es\\\/#organization\",\"name\":\"Gfima inmobiliaria\",\"url\":\"https:\\\/\\\/www.gfima.es\\\/\",\"logo\":{\"@type\":\"ImageObject\",\"inLanguage\":\"es\",\"@id\":\"https:\\\/\\\/www.gfima.es\\\/#\\\/schema\\\/logo\\\/image\\\/\",\"url\":\"https:\\\/\\\/www.gfima.es\\\/wp-content\\\/uploads\\\/2023\\\/04\\\/LogoGfima.png\",\"contentUrl\":\"https:\\\/\\\/www.gfima.es\\\/wp-content\\\/uploads\\\/2023\\\/04\\\/LogoGfima.png\",\"width\":1630,\"height\":925,\"caption\":\"Gfima inmobiliaria\"},\"image\":{\"@id\":\"https:\\\/\\\/www.gfima.es\\\/#\\\/schema\\\/logo\\\/image\\\/\"},\"sameAs\":[\"https:\\\/\\\/www.facebook.com\\\/GfimaInmobiliaria\",\"https:\\\/\\\/www.instagram.com\\\/gfima_inmobiliaria\"]},{\"@type\":\"Person\",\"@id\":\"https:\\\/\\\/www.gfima.es\\\/#\\\/schema\\\/person\\\/bed7acc555b4b94c632313b65701788b\",\"name\":\"gfima\",\"image\":{\"@type\":\"ImageObject\",\"inLanguage\":\"es\",\"@id\":\"https:\\\/\\\/secure.gravatar.com\\\/avatar\\\/6ca37e63e5d1de57514ad0d3c170b2985e0db68fefd27e54d92deccc468070d8?s=96&d=mm&r=g\",\"url\":\"https:\\\/\\\/secure.gravatar.com\\\/avatar\\\/6ca37e63e5d1de57514ad0d3c170b2985e0db68fefd27e54d92deccc468070d8?s=96&d=mm&r=g\",\"contentUrl\":\"https:\\\/\\\/secure.gravatar.com\\\/avatar\\\/6ca37e63e5d1de57514ad0d3c170b2985e0db68fefd27e54d92deccc468070d8?s=96&d=mm&r=g\",\"caption\":\"gfima\"},\"sameAs\":[\"https:\\\/\\\/x.com\\\/teamhost\"],\"url\":\"https:\\\/\\\/www.gfima.es\\\/?author=3\"}]}<\/script>\n<!-- \/ Yoast SEO plugin. -->","yoast_head_json":{"title":"La Comisar\u00eda Europea de la Vivienda: \u00bfotro palo en el juego de la horca regulatoria? - Gfima","robots":{"index":"index","follow":"follow","max-snippet":"max-snippet:-1","max-image-preview":"max-image-preview:large","max-video-preview":"max-video-preview:-1"},"canonical":"https:\/\/www.gfima.es\/?p=1813","og_locale":"es_ES","og_type":"article","og_title":"La Comisar\u00eda Europea de la Vivienda: \u00bfotro palo en el juego de la horca regulatoria? - Gfima","og_description":"En el asunto de la vivienda todo el mundo quiere meter mano. Cuando un pol\u00edtico quiere asegurarse la presencia de periodistas en una rueda de prensa o evento p\u00fablico, solo tiene que invocar algo relacionado con la vivienda para asegurarse el quorum medi\u00e1tico necesario. El problema es que la intervenci\u00f3n de la Administraci\u00f3n, o m\u00e1s [&hellip;]","og_url":"https:\/\/www.gfima.es\/?p=1813","og_site_name":"Gfima","article_publisher":"https:\/\/www.facebook.com\/GfimaInmobiliaria","article_published_time":"2024-08-03T10:48:38+00:00","article_modified_time":"2025-02-21T11:47:13+00:00","og_image":[{"width":1472,"height":832,"url":"https:\/\/www.gfima.es\/wp-content\/uploads\/2024\/08\/La-Comisaria-Europea-de-la-Vivienda-otro-palo-en-el-juego-de-la-horca-regulatoria.jpg","type":"image\/jpeg"}],"author":"gfima","twitter_card":"summary_large_image","twitter_creator":"@teamhost","twitter_misc":{"Escrito por":"gfima","Tiempo de lectura":"4 minutos"},"schema":{"@context":"https:\/\/schema.org","@graph":[{"@type":"Article","@id":"https:\/\/www.gfima.es\/?p=1813#article","isPartOf":{"@id":"https:\/\/www.gfima.es\/?p=1813"},"author":{"name":"gfima","@id":"https:\/\/www.gfima.es\/#\/schema\/person\/bed7acc555b4b94c632313b65701788b"},"headline":"La Comisar\u00eda Europea de la Vivienda: \u00bfotro palo en el juego de la horca regulatoria?","datePublished":"2024-08-03T10:48:38+00:00","dateModified":"2025-02-21T11:47:13+00:00","mainEntityOfPage":{"@id":"https:\/\/www.gfima.es\/?p=1813"},"wordCount":833,"publisher":{"@id":"https:\/\/www.gfima.es\/#organization"},"image":{"@id":"https:\/\/www.gfima.es\/?p=1813#primaryimage"},"thumbnailUrl":"https:\/\/www.gfima.es\/wp-content\/uploads\/2024\/08\/La-Comisaria-Europea-de-la-Vivienda-otro-palo-en-el-juego-de-la-horca-regulatoria.jpg","articleSection":["Actualidad"],"inLanguage":"es"},{"@type":"WebPage","@id":"https:\/\/www.gfima.es\/?p=1813","url":"https:\/\/www.gfima.es\/?p=1813","name":"La Comisar\u00eda Europea de la Vivienda: \u00bfotro palo en el juego de la horca regulatoria? - Gfima","isPartOf":{"@id":"https:\/\/www.gfima.es\/#website"},"primaryImageOfPage":{"@id":"https:\/\/www.gfima.es\/?p=1813#primaryimage"},"image":{"@id":"https:\/\/www.gfima.es\/?p=1813#primaryimage"},"thumbnailUrl":"https:\/\/www.gfima.es\/wp-content\/uploads\/2024\/08\/La-Comisaria-Europea-de-la-Vivienda-otro-palo-en-el-juego-de-la-horca-regulatoria.jpg","datePublished":"2024-08-03T10:48:38+00:00","dateModified":"2025-02-21T11:47:13+00:00","breadcrumb":{"@id":"https:\/\/www.gfima.es\/?p=1813#breadcrumb"},"inLanguage":"es","potentialAction":[{"@type":"ReadAction","target":["https:\/\/www.gfima.es\/?p=1813"]}]},{"@type":"ImageObject","inLanguage":"es","@id":"https:\/\/www.gfima.es\/?p=1813#primaryimage","url":"https:\/\/www.gfima.es\/wp-content\/uploads\/2024\/08\/La-Comisaria-Europea-de-la-Vivienda-otro-palo-en-el-juego-de-la-horca-regulatoria.jpg","contentUrl":"https:\/\/www.gfima.es\/wp-content\/uploads\/2024\/08\/La-Comisaria-Europea-de-la-Vivienda-otro-palo-en-el-juego-de-la-horca-regulatoria.jpg","width":1472,"height":832},{"@type":"BreadcrumbList","@id":"https:\/\/www.gfima.es\/?p=1813#breadcrumb","itemListElement":[{"@type":"ListItem","position":1,"name":"Portada","item":"https:\/\/www.gfima.es\/"},{"@type":"ListItem","position":2,"name":"La Comisar\u00eda Europea de la Vivienda: \u00bfotro palo en el juego de la horca regulatoria?"}]},{"@type":"WebSite","@id":"https:\/\/www.gfima.es\/#website","url":"https:\/\/www.gfima.es\/","name":"Gfima","description":"Agencia inmobiliaria","publisher":{"@id":"https:\/\/www.gfima.es\/#organization"},"potentialAction":[{"@type":"SearchAction","target":{"@type":"EntryPoint","urlTemplate":"https:\/\/www.gfima.es\/?s={search_term_string}"},"query-input":{"@type":"PropertyValueSpecification","valueRequired":true,"valueName":"search_term_string"}}],"inLanguage":"es"},{"@type":"Organization","@id":"https:\/\/www.gfima.es\/#organization","name":"Gfima inmobiliaria","url":"https:\/\/www.gfima.es\/","logo":{"@type":"ImageObject","inLanguage":"es","@id":"https:\/\/www.gfima.es\/#\/schema\/logo\/image\/","url":"https:\/\/www.gfima.es\/wp-content\/uploads\/2023\/04\/LogoGfima.png","contentUrl":"https:\/\/www.gfima.es\/wp-content\/uploads\/2023\/04\/LogoGfima.png","width":1630,"height":925,"caption":"Gfima inmobiliaria"},"image":{"@id":"https:\/\/www.gfima.es\/#\/schema\/logo\/image\/"},"sameAs":["https:\/\/www.facebook.com\/GfimaInmobiliaria","https:\/\/www.instagram.com\/gfima_inmobiliaria"]},{"@type":"Person","@id":"https:\/\/www.gfima.es\/#\/schema\/person\/bed7acc555b4b94c632313b65701788b","name":"gfima","image":{"@type":"ImageObject","inLanguage":"es","@id":"https:\/\/secure.gravatar.com\/avatar\/6ca37e63e5d1de57514ad0d3c170b2985e0db68fefd27e54d92deccc468070d8?s=96&d=mm&r=g","url":"https:\/\/secure.gravatar.com\/avatar\/6ca37e63e5d1de57514ad0d3c170b2985e0db68fefd27e54d92deccc468070d8?s=96&d=mm&r=g","contentUrl":"https:\/\/secure.gravatar.com\/avatar\/6ca37e63e5d1de57514ad0d3c170b2985e0db68fefd27e54d92deccc468070d8?s=96&d=mm&r=g","caption":"gfima"},"sameAs":["https:\/\/x.com\/teamhost"],"url":"https:\/\/www.gfima.es\/?author=3"}]}},"_links":{"self":[{"href":"https:\/\/www.gfima.es\/index.php?rest_route=\/wp\/v2\/posts\/1813","targetHints":{"allow":["GET"]}}],"collection":[{"href":"https:\/\/www.gfima.es\/index.php?rest_route=\/wp\/v2\/posts"}],"about":[{"href":"https:\/\/www.gfima.es\/index.php?rest_route=\/wp\/v2\/types\/post"}],"author":[{"embeddable":true,"href":"https:\/\/www.gfima.es\/index.php?rest_route=\/wp\/v2\/users\/3"}],"replies":[{"embeddable":true,"href":"https:\/\/www.gfima.es\/index.php?rest_route=%2Fwp%2Fv2%2Fcomments&post=1813"}],"version-history":[{"count":1,"href":"https:\/\/www.gfima.es\/index.php?rest_route=\/wp\/v2\/posts\/1813\/revisions"}],"predecessor-version":[{"id":1814,"href":"https:\/\/www.gfima.es\/index.php?rest_route=\/wp\/v2\/posts\/1813\/revisions\/1814"}],"wp:featuredmedia":[{"embeddable":true,"href":"https:\/\/www.gfima.es\/index.php?rest_route=\/wp\/v2\/media\/1835"}],"wp:attachment":[{"href":"https:\/\/www.gfima.es\/index.php?rest_route=%2Fwp%2Fv2%2Fmedia&parent=1813"}],"wp:term":[{"taxonomy":"category","embeddable":true,"href":"https:\/\/www.gfima.es\/index.php?rest_route=%2Fwp%2Fv2%2Fcategories&post=1813"},{"taxonomy":"post_tag","embeddable":true,"href":"https:\/\/www.gfima.es\/index.php?rest_route=%2Fwp%2Fv2%2Ftags&post=1813"}],"curies":[{"name":"wp","href":"https:\/\/api.w.org\/{rel}","templated":true}]}}