{"id":1797,"date":"2024-08-03T12:19:05","date_gmt":"2024-08-03T10:19:05","guid":{"rendered":"https:\/\/gfima.es\/?p=1797"},"modified":"2025-02-21T12:47:28","modified_gmt":"2025-02-21T11:47:28","slug":"todo-lo-que-debes-saber-sobre-como-tributa-la-vivienda-en-el-irpf","status":"publish","type":"post","link":"https:\/\/www.gfima.es\/?p=1797","title":{"rendered":"Todo lo que debes saber sobre c\u00f3mo tributa la vivienda en el IRPF"},"content":{"rendered":"\n<p>La tributaci\u00f3n de la vivienda en el IRPF depende del tipo de uso que hagamos de ella: toma nota de c\u00f3mo declararla en cada caso.<\/p>\n\n\n\n<p>Uno de los temas m\u00e1s relevantes y a menudo confusos es la&nbsp;<strong>tributaci\u00f3n de la vivienda<\/strong>. Entender c\u00f3mo se aplica la fiscalidad a los inmuebles resulta crucial. Sin embargo, no existe una respuesta \u00fanica, ya que esto depender\u00e1 de distintos factores.<\/p>\n\n\n\n<p>Para que salgas de dudas, en esta&nbsp;<strong>gu\u00eda sobre la tributaci\u00f3n de la vivienda en el IRPF<\/strong>&nbsp;repasaremos las situaciones y dudas m\u00e1s frecuentes a las que te enfrentar\u00e1s al declarar tu inmueble.<\/p>\n\n\n\n<ol class=\"wp-block-list has-ast-global-color-0-color has-text-color has-link-color wp-elements-7c4e120629b084d06448f65b0c1889cf\">\n<li><strong><mark style=\"background-color:rgba(0, 0, 0, 0)\" class=\"has-inline-color has-ast-global-color-0-color\">\u00bfC\u00f3mo tributa la vivienda habitual en el IRPF?<\/mark><\/strong><\/li>\n\n\n\n<li><strong><mark style=\"background-color:rgba(0, 0, 0, 0)\" class=\"has-inline-color has-ast-global-color-0-color\">\u00bfC\u00f3mo tributa la segunda vivienda?<\/mark><\/strong><\/li>\n\n\n\n<li><mark style=\"background-color:rgba(0, 0, 0, 0)\" class=\"has-inline-color has-ast-global-color-0-color\"><strong>\u00bfC\u00f3mo tributa la vivienda alquilada?<\/strong><\/mark>\n<ol class=\"wp-block-list\">\n<li><mark style=\"background-color:rgba(0, 0, 0, 0)\" class=\"has-inline-color has-ast-global-color-0-color\">\u00bfC\u00f3mo tributa la segunda vivienda alquilada?<\/mark><\/li>\n<\/ol>\n<\/li>\n\n\n\n<li><mark style=\"background-color:rgba(0, 0, 0, 0)\" class=\"has-inline-color has-ast-global-color-0-color\"><strong>\u00bfC\u00f3mo tributa una vivienda heredada?<\/strong><\/mark><\/li>\n\n\n\n<li><strong><mark style=\"background-color:rgba(0, 0, 0, 0)\" class=\"has-inline-color has-ast-global-color-0-color\">La vivienda cedida a familiares tributa en el IRPF<\/mark><\/strong><\/li>\n\n\n\n<li><strong><mark style=\"background-color:rgba(0, 0, 0, 0)\" class=\"has-inline-color has-ast-global-color-0-color\">\u00bfC\u00f3mo tributa la vivienda vacacional?<\/mark><\/strong><\/li>\n\n\n\n<li><strong><mark style=\"background-color:rgba(0, 0, 0, 0)\" class=\"has-inline-color has-ast-global-color-0-color\">\u00bfTengo que declarar la compra de una vivienda?<\/mark><\/strong>\n<ol class=\"wp-block-list\">\n<li><mark style=\"background-color:rgba(0, 0, 0, 0)\" class=\"has-inline-color has-ast-global-color-0-color\">IVA al comprar una vivienda nueva<\/mark><\/li>\n\n\n\n<li><mark style=\"background-color:rgba(0, 0, 0, 0)\" class=\"has-inline-color has-ast-global-color-0-color\">ITP al comprar una casa de segunda mano<\/mark><\/li>\n\n\n\n<li><mark style=\"background-color:rgba(0, 0, 0, 0)\" class=\"has-inline-color has-ast-global-color-0-color\">\u00bfC\u00f3mo tributa la reinversi\u00f3n en vivienda habitual?<\/mark><\/li>\n<\/ol>\n<\/li>\n\n\n\n<li><strong><mark style=\"background-color:rgba(0, 0, 0, 0)\" class=\"has-inline-color has-ast-global-color-0-color\">Tributaci\u00f3n de la daci\u00f3n en pago de la vivienda habitual<\/mark><\/strong><\/li>\n<\/ol>\n\n\n\n<h2 class=\"wp-block-heading\" id=\"\u00bfC\u00f3mo+tributa+la+vivienda+habitual+en+el+IRPF+\">\u00bfC\u00f3mo tributa la vivienda habitual en el IRPF?<\/h2>\n\n\n\n<p>Cuando hablamos de la tributaci\u00f3n de bienes inmuebles, el\u00a0<strong>IRPF de la vivienda habitual<\/strong>\u00a0suele ser una de las situaciones m\u00e1s frecuentes a las que se enfrenta el contribuyente. Afortunadamente, esta cuesti\u00f3n es muy sencilla: tal y como explica Miguel Saavedra, asesor fiscal en Taximpuestos, el contribuyente no debe pagar impuestos por<a href=\"https:\/\/gfima.es\/que-es-una-vivienda-habitual-y-como-la-reconoce-hacienda\/\" target=\"_blank\" rel=\"noreferrer noopener\">\u00a0la vivienda habitual\u00a0<\/a>en la que resida.<\/p>\n\n\n\n<p>Podemos decir, por tanto, que la residencia habitual est\u00e1 exenta en el IRPF, aunque s\u00ed debe declararse.<\/p>\n\n\n\n<h2 class=\"wp-block-heading\" id=\"\u00bfC\u00f3mo+tributa+la+segunda+vivienda+\">\u00bfC\u00f3mo tributa la segunda vivienda?<\/h2>\n\n\n\n<p>La segunda vivienda en propiedad tributa en el IRPF en funci\u00f3n de si genera rentas o no:<\/p>\n\n\n\n<ul class=\"wp-block-list\">\n<li><strong>Si no fue alquilada<\/strong>\u00a0durante el ejercicio correspondiente a la declaraci\u00f3n y, por tanto, no gener\u00f3 ingresos por este concepto, tributar\u00e1 en la base general del IRPF por imputaci\u00f3n de rentas inmobiliarias. En este caso, pagar\u00e1s impuestos sobre el 2% o el 1,1% del valor catastral del inmueble\u00a0<a href=\"https:\/\/sede.agenciatributaria.gob.es\/Sede\/vivienda-otros-inmuebles\/imputacion-rentas-inmobiliarias\/calculo-renta-imputada.html\" target=\"_blank\" rel=\"noreferrer noopener\">en funci\u00f3n del caso<\/a>.<\/li>\n\n\n\n<li><strong>Si el inmueble gener\u00f3 rentas por alquiler<\/strong>, los rendimientos obtenidos (siempre restando los gastos) tributar\u00e1n como rendimientos del capital inmobiliario.<\/li>\n<\/ul>\n\n\n\n<h2 class=\"wp-block-heading\" id=\"\u00bfC\u00f3mo+tributa+la+vivienda+alquilada+\">\u00bfC\u00f3mo tributa la vivienda alquilada?<\/h2>\n\n\n\n<p>El propietario de la vivienda deber\u00e1 tributar por los rendimientos de capital inmobiliario obtenidos por la vivienda durante el a\u00f1o natural. Para calcular los rendimientos de capital inmobiliario es necesario conocer con detalle cu\u00e1les son los ingresos y cu\u00e1les son los gastos deducibles originados durante el a\u00f1o natural, que coincide con el ejercicio fiscal:<\/p>\n\n\n\n<ul class=\"wp-block-list\">\n<li>Los ingresos son aquellos pagos realizados por parte del inquilino durante el per\u00edodo comprendido entre el 1 de enero y el 31 de diciembre del a\u00f1o natural y\/o los ingresos recibidos como atrasos pagados por parte de un inquilino, en t\u00e9rminos generales<\/li>\n\n\n\n<li>Los gastos deducibles son aquellos necesarios para la obtenci\u00f3n de los ingresos, esto es, para poder alquilar el inmueble y recibir unas rentas en concepto de alquiler, as\u00ed como las cantidades destinadas a la amortizaci\u00f3n del inmueble y de los dem\u00e1s bienes cedidos con \u00e9l, siempre que respondan a su depreciaci\u00f3n efectiva<\/li>\n<\/ul>\n\n\n\n<p>Del lado de los&nbsp;<strong>gastos en vivienda deducibles en el IRPF<\/strong>&nbsp;nos encontramos con distintas categor\u00edas:<\/p>\n\n\n\n<ul class=\"wp-block-list\">\n<li>Los intereses y dem\u00e1s gastos de financiaci\u00f3n de los capitales ajenos invertidos en la adquisici\u00f3n o mejora del bien, derecho o facultad de uso o disfrute, as\u00ed como, en su caso, de los bienes cedidos con \u00e9l.<\/li>\n\n\n\n<li>Los gastos de conservaci\u00f3n y reparaci\u00f3n de los bienes productores de los rendimientos:\u00a0Tienen esta consideraci\u00f3n los efectuados regularmente con la finalidad de mantener el uso normal de los bienes materiales (pintado, revoco o arreglo de instalaciones) y los de sustituci\u00f3n de elementos (como instalaciones de calefacci\u00f3n, ascensor, puertas de seguridad\u2026). No son deducibles por este concepto las cantidades destinadas a la ampliaci\u00f3n o mejora de los bienes.<\/li>\n<\/ul>\n\n\n\n<p>Es importante saber que existe un l\u00edmite m\u00e1ximo para la deducci\u00f3n de los intereses de los capitales ajenos, gastos de financiaci\u00f3n y gastos de reparaci\u00f3n y conservaci\u00f3n, que no podr\u00e1n ser superiores al importe del rendimiento \u00edntegro de cada bien o derecho. Lo que s\u00ed es posible es compensar el exceso en los cuatro a\u00f1os siguientes, con el mismo l\u00edmite para cada inmueble:<\/p>\n\n\n\n<ul class=\"wp-block-list\">\n<li>Los tributos y recargos no estatales, entre otros, el IBI, tasa de basuras, alumbrado, etc., excluidas las sanciones<\/li>\n\n\n\n<li>Las primas de contratos de seguros<\/li>\n\n\n\n<li>Los gastos de defensa jur\u00eddica<\/li>\n\n\n\n<li>Las cantidades destinadas a la amortizaci\u00f3n, siempre que respondan a su depreciaci\u00f3n efectiva<\/li>\n\n\n\n<li><\/li>\n<\/ul>\n\n\n\n<h3 class=\"wp-block-heading\" id=\"+\u00bfC\u00f3mo+tributa+la+segunda+vivienda+alquilada+\">\u00bfC\u00f3mo tributa la segunda vivienda alquilada?<\/h3>\n\n\n\n<p>Es importante tener en cuenta que hasta el ejercicio 2023 incluido, existi\u00f3 una reducci\u00f3n del 60% de los rendimientos obtenidos por el alquiler cuando se destinaba a vivienda habitual.<\/p>\n\n\n\n<p>Desde 2024 esta reducci\u00f3n ser\u00e1 del 50% como regla general, siempre para los contratos de arrendamientos de inmuebles destinados a vivienda\u00a0celebrados a partir del 26 de mayo de 2023. Como veremos, la\u00a0Ley de Vivienda de 2023\u00a0introduce nuevos incentivos fiscales que podr\u00e1n aplicarse en ciertos casos siempre que el inmueble se encuentre en una zona tensionada.<\/p>\n\n\n\n<p>Hacienda es clara al especificar que esta reducci\u00f3n no se aplica a los alquileres de apartamentos tur\u00edsticos, ya que su finalidad no es satisfacer una necesidad permanente de vivienda, sino cubrir una necesidad de car\u00e1cter temporal.<\/p>\n\n\n\n<h2 class=\"wp-block-heading\" id=\"\u00bfC\u00f3mo+tributa+una+vivienda+heredada+\">\u00bfC\u00f3mo tributa una vivienda heredada?<\/h2>\n\n\n\n<p>Heredar una vivienda\u00a0no implica el pago de IRPF, pero en caso de vender dicho inmueble y obtener una ganancia patrimonial, s\u00ed deber\u00e1s declararla en el ejercicio correspondiente, que ser\u00e1 el que incluya la fecha de fallecimiento del causante.<\/p>\n\n\n\n<p>En caso de alquilar dicho inmueble, deber\u00e1s declarar las ganancias obtenidas como rendimiento del capital inmobiliario.<\/p>\n\n\n\n<h2 class=\"wp-block-heading\" id=\"La+vivienda+cedida+a+familiares+tributa+en+el+IRPF\">La vivienda cedida a familiares tributa en el IRPF<\/h2>\n\n\n\n<p>Es bastante habitual que se\u00a0cedan viviendas de manera gratuita entre familiares, pero esta operaci\u00f3n no est\u00e1 exenta de tributar en el IRPF. Dependiendo de lo que indique el contrato y el grado de consanguinidad entre familiares, se tributar\u00e1 por imputaci\u00f3n de rentas o por rendimientos de capital inmobiliario:<\/p>\n\n\n\n<ul class=\"wp-block-list\">\n<li>Si el inmueble se alquila a un familiar de hasta tercer grado de consanguinidad y se trata de una cesi\u00f3n gratuita para vivienda habitual, se tributar\u00e1 por imputaci\u00f3n de rentas<\/li>\n\n\n\n<li>Si el inmueble se alquila a un familiar de hasta tercer grado de consanguinidad y no se indica en el contrato el car\u00e1cter gratuito de la cesi\u00f3n, el titular tributar\u00e1 por rendimientos de capital inmobiliario<\/li>\n\n\n\n<li>Si el inmueble se alquila a un familiar de cuarto grado de consanguinidad y siguientes, se tributar\u00e1 en cualquier caso por rendimientos de capital inmobiliario<\/li>\n<\/ul>\n\n\n\n<h2 class=\"wp-block-heading\" id=\"\u00bfC\u00f3mo+tributa+la+vivienda+vacacional+\">\u00bfC\u00f3mo tributa la vivienda vacacional?<\/h2>\n\n\n\n<p>Los\u00a0rendimientos derivados del alquiler tur\u00edstico\u00a0tributar\u00e1n en el IRPF, con car\u00e1cter general, como rendimientos del capital inmobiliario. Sin embargo, en caso de que para desarrollar la actividad dispongas, al menos, de una persona empleada con contrato laboral y jornada completa, los rendimientos por el alquiler tur\u00edstico tendr\u00e1n la naturaleza de rendimientos de actividades econ\u00f3micas.<\/p>\n\n\n\n<p>Centr\u00e1ndonos en el primer caso, cuando el contribuyente decide alquilar su inmueble como vivienda tur\u00edstica debe tener en cuenta los ingresos recibidos por alquiler y los d\u00edas que el inmueble permanece sin alquilar.<\/p>\n\n\n\n<p>En concreto, se deber\u00e1n declarar todos los ingresos recibidos en concepto de alquiler tur\u00edstico durante el ejercicio y deducir aquellos gastos necesarios para obtener los ingresos de forma proporcional a los d\u00edas en que la vivienda ha sido alquilada. Con este c\u00e1lculo extraeremos el rendimiento de capital inmobiliario que deberemos declarar.<\/p>\n\n\n\n<p>Adem\u00e1s, el contribuyente deber\u00e1 declarar una imputaci\u00f3n de rentas por los d\u00edas que el inmueble haya estado vac\u00edo, pero a disposici\u00f3n del titular, aun cuando la vivienda sea gestionada por un profesional o inmobiliaria.<\/p>\n\n\n\n<h2 class=\"wp-block-heading\" id=\"\u00bfTengo+que+declarar+la+compra+de+una+vivienda+\">\u00bfTengo que declarar la compra de una vivienda?<\/h2>\n\n\n\n<p>Desde el punto de vista fiscal, no deber\u00e1s pagar nada en concepto de IRPF siempre que no se est\u00e9 generando renta o ganancia alguna como fruto de esta operaci\u00f3n. Sin embargo, s\u00ed que deber\u00e1s incluir tu nuevo inmueble en el IRPF.<\/p>\n\n\n\n<p>Los impuestos que deber\u00e1s abonar como comprador de vivienda son los siguientes:<\/p>\n\n\n\n<h3 class=\"wp-block-heading\" id=\"IVA+al+comprar+una+vivienda+nueva\"><strong>IVA al comprar una vivienda nueva<\/strong><\/h3>\n\n\n\n<p>Se abonar\u00e1\u00a0IVA en caso de compra de vivienda nueva, siendo el tipo de gravamen aplicable del 10% con car\u00e1cter general, bajando al 4% cuando se trate de viviendas de protecci\u00f3n oficial de r\u00e9gimen especial o de promoci\u00f3n p\u00fablica.<\/p>\n\n\n\n<p>Tambi\u00e9n se deber\u00e1 pagar el Impuesto de Actos Jur\u00eddicos Documentados (AJD), que se abona cuando se suscribe un documento notarial en el registro. Su importe var\u00eda seg\u00fan la comunidad aut\u00f3noma y puede llegar al 1,5% de la base imponible. En caso de hipoteca, es la banca quien lo abona.<\/p>\n\n\n\n<h3 class=\"wp-block-heading\">Impuestos de la compra de una vivienda nueva en 2024<\/h3>\n\n\n\n<figure class=\"wp-block-table\"><table class=\"has-fixed-layout\"><thead><tr><th><strong>CCAA<\/strong><\/th><th class=\"has-text-align-center\" data-align=\"center\"><strong>AJD obra nueva<\/strong><\/th><th class=\"has-text-align-center\" data-align=\"center\"><strong>IVA<\/strong><\/th><th class=\"has-text-align-center\" data-align=\"center\"><strong>AJD de la hipoteca<\/strong><\/th><\/tr><\/thead><tbody><tr><th>Andaluc\u00eda<\/th><td class=\"has-text-align-center\" data-align=\"center\">1,2%<\/td><td class=\"has-text-align-center\" data-align=\"center\">10,0%<\/td><td class=\"has-text-align-center\" data-align=\"center\">0%<\/td><\/tr><tr><th>Arag\u00f3n<\/th><td class=\"has-text-align-center\" data-align=\"center\">1,5%<\/td><td class=\"has-text-align-center\" data-align=\"center\">10,0%<\/td><td class=\"has-text-align-center\" data-align=\"center\">0%<\/td><\/tr><tr><th>Asturias<\/th><td class=\"has-text-align-center\" data-align=\"center\">1,2%<\/td><td class=\"has-text-align-center\" data-align=\"center\">10,0%<\/td><td class=\"has-text-align-center\" data-align=\"center\">0%<\/td><\/tr><tr><th>Baleares<\/th><td class=\"has-text-align-center\" data-align=\"center\">1,2%<\/td><td class=\"has-text-align-center\" data-align=\"center\">10,0%<\/td><td class=\"has-text-align-center\" data-align=\"center\">0%<\/td><\/tr><tr><th>Canarias<\/th><td class=\"has-text-align-center\" data-align=\"center\">1,0%<\/td><td class=\"has-text-align-center\" data-align=\"center\">6,5%<\/td><td class=\"has-text-align-center\" data-align=\"center\">0%<\/td><\/tr><tr><th>Cantabria<\/th><td class=\"has-text-align-center\" data-align=\"center\">1,5%<\/td><td class=\"has-text-align-center\" data-align=\"center\">10,0%<\/td><td class=\"has-text-align-center\" data-align=\"center\">0%<\/td><\/tr><tr><th>Castilla-La Mancha<\/th><td class=\"has-text-align-center\" data-align=\"center\">1,5%<\/td><td class=\"has-text-align-center\" data-align=\"center\">10,0%<\/td><td class=\"has-text-align-center\" data-align=\"center\">0%<\/td><\/tr><tr><th>Castilla y Le\u00f3n<\/th><td class=\"has-text-align-center\" data-align=\"center\">1,5%<\/td><td class=\"has-text-align-center\" data-align=\"center\">10,0%<\/td><td class=\"has-text-align-center\" data-align=\"center\">0%<\/td><\/tr><tr><th>Catalu\u00f1a<\/th><td class=\"has-text-align-center\" data-align=\"center\">1,5%<\/td><td class=\"has-text-align-center\" data-align=\"center\">10,0%<\/td><td class=\"has-text-align-center\" data-align=\"center\">0%<\/td><\/tr><tr><th>Ceuta<\/th><td class=\"has-text-align-center\" data-align=\"center\">0,5%<\/td><td class=\"has-text-align-center\" data-align=\"center\">10,0%<\/td><td class=\"has-text-align-center\" data-align=\"center\">0%<\/td><\/tr><tr><th>Comunidad de Madrid<\/th><td class=\"has-text-align-center\" data-align=\"center\">0,8%<\/td><td class=\"has-text-align-center\" data-align=\"center\">10,0%<\/td><td class=\"has-text-align-center\" data-align=\"center\">0%<\/td><\/tr><tr><th>Comunidad Valenciana<\/th><td class=\"has-text-align-center\" data-align=\"center\">0,1%<\/td><td class=\"has-text-align-center\" data-align=\"center\">10,0%<\/td><td class=\"has-text-align-center\" data-align=\"center\">0%<\/td><\/tr><tr><th>Extremadura<\/th><td class=\"has-text-align-center\" data-align=\"center\">1,5%<\/td><td class=\"has-text-align-center\" data-align=\"center\">10,0%<\/td><td class=\"has-text-align-center\" data-align=\"center\">0%<\/td><\/tr><tr><th>Galicia<\/th><td class=\"has-text-align-center\" data-align=\"center\">1,5%<\/td><td class=\"has-text-align-center\" data-align=\"center\">10,0%<\/td><td class=\"has-text-align-center\" data-align=\"center\">0%<\/td><\/tr><tr><th>La Rioja<\/th><td class=\"has-text-align-center\" data-align=\"center\">1,0%<\/td><td class=\"has-text-align-center\" data-align=\"center\">10,0%<\/td><td class=\"has-text-align-center\" data-align=\"center\">0%<\/td><\/tr><tr><th>Melilla<\/th><td class=\"has-text-align-center\" data-align=\"center\">0,5%<\/td><td class=\"has-text-align-center\" data-align=\"center\">10,0%<\/td><td class=\"has-text-align-center\" data-align=\"center\">0%<\/td><\/tr><tr><th>Murcia<\/th><td class=\"has-text-align-center\" data-align=\"center\">2,0%<\/td><td class=\"has-text-align-center\" data-align=\"center\">10,0%<\/td><td class=\"has-text-align-center\" data-align=\"center\">0%<\/td><\/tr><tr><th>Navarra<\/th><td class=\"has-text-align-center\" data-align=\"center\">0,5%<\/td><td class=\"has-text-align-center\" data-align=\"center\">10,0%<\/td><td class=\"has-text-align-center\" data-align=\"center\">0%<\/td><\/tr><tr><th>Pa\u00eds Vasco<\/th><td class=\"has-text-align-center\" data-align=\"center\">0,0%<\/td><td class=\"has-text-align-center\" data-align=\"center\">10,0%<\/td><td class=\"has-text-align-center\" data-align=\"center\">0%<\/td><\/tr><\/tbody><\/table><\/figure>\n\n\n\n<p>Tipos generales aplicados a viviendas con un precio de compra de entre 150.000 y 200.000 euros<\/p>\n\n\n\n<h3 class=\"wp-block-heading\" id=\"ITP+al+comprar+una+casa+de+segunda+mano\">ITP al comprar una casa de segunda mano<\/h3>\n\n\n\n<p>En la compraventa de una vivienda usada, el impuesto m\u00e1s importante que deber\u00e1s pagar es el\u00a0Impuesto de Transmisiones Patrimoniales (ITP). Cada autonom\u00eda tiene margen para decidir qu\u00e9 tipo o porcentaje aplica.<\/p>\n\n\n\n<h3 class=\"wp-block-heading\">Impuestos de la compra de una vivienda usada en 2024<\/h3>\n\n\n\n<figure class=\"wp-block-table\"><table class=\"has-fixed-layout\"><thead><tr><th><strong>CCAA<\/strong><\/th><th class=\"has-text-align-center\" data-align=\"center\"><strong>ITP<\/strong><\/th><th class=\"has-text-align-center\" data-align=\"center\"><strong>AJD de la hipoteca<\/strong><\/th><\/tr><\/thead><tbody><tr><th>Andaluc\u00eda<\/th><td class=\"has-text-align-center\" data-align=\"center\">7,0%<\/td><td class=\"has-text-align-center\" data-align=\"center\">0%<\/td><\/tr><tr><th>Arag\u00f3n<\/th><td class=\"has-text-align-center\" data-align=\"center\">8,0%<\/td><td class=\"has-text-align-center\" data-align=\"center\">0%<\/td><\/tr><tr><th>Asturias<\/th><td class=\"has-text-align-center\" data-align=\"center\">8,0%<\/td><td class=\"has-text-align-center\" data-align=\"center\">0%<\/td><\/tr><tr><th>Baleares<\/th><td class=\"has-text-align-center\" data-align=\"center\">8,0%<\/td><td class=\"has-text-align-center\" data-align=\"center\">0%<\/td><\/tr><tr><th>Canarias<\/th><td class=\"has-text-align-center\" data-align=\"center\">6,5%<\/td><td class=\"has-text-align-center\" data-align=\"center\">0%<\/td><\/tr><tr><th>Cantabria<\/th><td class=\"has-text-align-center\" data-align=\"center\">9,0%<\/td><td class=\"has-text-align-center\" data-align=\"center\">0%<\/td><\/tr><tr><th>Castilla-La Mancha<\/th><td class=\"has-text-align-center\" data-align=\"center\">9,0%<\/td><td class=\"has-text-align-center\" data-align=\"center\">0%<\/td><\/tr><tr><th>Castilla y Le\u00f3n<\/th><td class=\"has-text-align-center\" data-align=\"center\">8,0%<\/td><td class=\"has-text-align-center\" data-align=\"center\">0%<\/td><\/tr><tr><th>Catalu\u00f1a<\/th><td class=\"has-text-align-center\" data-align=\"center\">10,0%<\/td><td class=\"has-text-align-center\" data-align=\"center\">0%<\/td><\/tr><tr><th>Ceuta<\/th><td class=\"has-text-align-center\" data-align=\"center\">6,0%<\/td><td class=\"has-text-align-center\" data-align=\"center\">0%<\/td><\/tr><tr><th>Comunidad de Madrid<\/th><td class=\"has-text-align-center\" data-align=\"center\">6,0%<\/td><td class=\"has-text-align-center\" data-align=\"center\">0%<\/td><\/tr><tr><th>Comunidad Valenciana<\/th><td class=\"has-text-align-center\" data-align=\"center\">10,0%<\/td><td class=\"has-text-align-center\" data-align=\"center\">0%<\/td><\/tr><tr><th>Extremadura<\/th><td class=\"has-text-align-center\" data-align=\"center\">8,0%<\/td><td class=\"has-text-align-center\" data-align=\"center\">0%<\/td><\/tr><tr><th>Galicia<\/th><td class=\"has-text-align-center\" data-align=\"center\">10,0%<\/td><td class=\"has-text-align-center\" data-align=\"center\">0%<\/td><\/tr><tr><th>La Rioja<\/th><td class=\"has-text-align-center\" data-align=\"center\">7,0%<\/td><td class=\"has-text-align-center\" data-align=\"center\">0%<\/td><\/tr><tr><th>Melilla<\/th><td class=\"has-text-align-center\" data-align=\"center\">6,0%<\/td><td class=\"has-text-align-center\" data-align=\"center\">0%<\/td><\/tr><tr><th>Murcia<\/th><td class=\"has-text-align-center\" data-align=\"center\">8,0%<\/td><td class=\"has-text-align-center\" data-align=\"center\">0%<\/td><\/tr><tr><th>Navarra<\/th><td class=\"has-text-align-center\" data-align=\"center\">6,0%<\/td><td class=\"has-text-align-center\" data-align=\"center\">0%<\/td><\/tr><tr><th>Pa\u00eds Vasco<\/th><td class=\"has-text-align-center\" data-align=\"center\">4,0%<\/td><td class=\"has-text-align-center\" data-align=\"center\">0%<\/td><\/tr><\/tbody><\/table><\/figure>\n\n\n\n<p>Tipos generales aplicados a viviendas con un precio de compra de entre 150.000 y 200.000 euros<\/p>\n\n\n\n<p>Tambi\u00e9n deber\u00e1s hacer frente al Impuesto de AJD, en su caso.&nbsp;En cuanto al IBI, se devenga anualmente y corresponde pagarlo al propietario del inmueble a 1 de enero del ejercicio fiscal, pero es frecuente que su cuant\u00eda se reparta proporcionalmente entre comprador y vendedor teniendo en cuenta la fecha de compraventa.<\/p>\n\n\n\n<h3 class=\"wp-block-heading\" id=\"\u00bfC\u00f3mo+tributa+la+reinversi\u00f3n+en+vivienda+habitual+\">\u00bfC\u00f3mo tributa la reinversi\u00f3n en vivienda habitual?<\/h3>\n\n\n\n<p>Una de las ventajas fiscales asociadas a la venta de vivienda es la reinversi\u00f3n en vivienda habitual. Cuando una persona decide vender su vivienda habitual para adquirir otro inmueble con el mismo car\u00e1cter o, en su defecto,\u00a0rehabilitar una vivienda habitual, la ganancia obtenida por la venta del inmueble puede estar exenta de tributaci\u00f3n.<\/p>\n\n\n\n<p>En concreto, la reinversi\u00f3n del importe obtenido en la venta deber\u00e1 efectuarse, de una sola vez o sucesivamente, en un periodo no superior a dos a\u00f1os, que pueden ser no solo los posteriores, sino tambi\u00e9n los anteriores a la venta de la anterior vivienda habitual.<\/p>\n\n\n\n<p>En caso de que el importe de la reinversi\u00f3n fuera inferior al total obtenido en la venta, solamente se excluir\u00e1 de gravamen la parte proporcional de la ganancia patrimonial que corresponda a la cantidad efectivamente reinvertida.<\/p>\n\n\n\n<h2 class=\"wp-block-heading\" id=\"Tributaci\u00f3n+de+la+daci\u00f3n+en+pago+de+la+vivienda+habitual\">Tributaci\u00f3n de la daci\u00f3n en pago de la vivienda habitual<\/h2>\n\n\n\n<p>La posible ganancia patrimonial procedente de la daci\u00f3n en pago de la vivienda habitual est\u00e1 exenta en el IRPF, y lo mismo se aplica a la ganancia patrimonial fruto de un procedimiento de ejecuci\u00f3n hipotecaria que afecte a la vivienda habitual, si se cumplen determinados requisitos:<\/p>\n\n\n\n<ul class=\"wp-block-list\">\n<li>Que la ganancia patrimonial se ponga de manifiesto con ocasi\u00f3n de la transmisi\u00f3n de la vivienda habitual del deudor o del garante del deudor<\/li>\n\n\n\n<li>Que la transmisi\u00f3n de la vivienda se realice por daci\u00f3n en pago o en ejecuciones hipotecarias judiciales o notariales<\/li>\n\n\n\n<li>Que su finalidad sea la cancelaci\u00f3n de deudas garantizadas con hipoteca que recaiga sobre dicha vivienda habitual, contra\u00eddas con entidades de cr\u00e9dito o cualquier otra entidad que, de manera profesional, realice la actividad de concesi\u00f3n de pr\u00e9stamos o cr\u00e9ditos hipotecarios<\/li>\n\n\n\n<li>En todo caso, ser\u00e1 necesario que el propietario de la vivienda habitual no disponga de otros bienes o derechos en cuant\u00eda suficiente para satisfacer la totalidad de la deuda y evitar la enajenaci\u00f3n de la vivienda<\/li>\n<\/ul>\n","protected":false},"excerpt":{"rendered":"<p>La tributaci\u00f3n de la vivienda en el IRPF depende del tipo de uso que hagamos de ella: toma nota de c\u00f3mo declararla en cada caso. Uno de los temas m\u00e1s relevantes y a menudo confusos es la&nbsp;tributaci\u00f3n de la vivienda. Entender c\u00f3mo se aplica la fiscalidad a los inmuebles resulta crucial. Sin embargo, no existe [&hellip;]<\/p>\n","protected":false},"author":3,"featured_media":0,"comment_status":"closed","ping_status":"open","sticky":false,"template":"","format":"standard","meta":{"site-sidebar-layout":"default","site-content-layout":"","ast-site-content-layout":"default","site-content-style":"default","site-sidebar-style":"default","ast-global-header-display":"","ast-banner-title-visibility":"","ast-main-header-display":"","ast-hfb-above-header-display":"","ast-hfb-below-header-display":"","ast-hfb-mobile-header-display":"","site-post-title":"","ast-breadcrumbs-content":"","ast-featured-img":"","footer-sml-layout":"","ast-disable-related-posts":"","theme-transparent-header-meta":"","adv-header-id-meta":"","stick-header-meta":"","header-above-stick-meta":"","header-main-stick-meta":"","header-below-stick-meta":"","astra-migrate-meta-layouts":"set","ast-page-background-enabled":"default","ast-page-background-meta":{"desktop":{"background-color":"var(--ast-global-color-4)","background-image":"","background-repeat":"repeat","background-position":"center center","background-size":"auto","background-attachment":"scroll","background-type":"","background-media":"","overlay-type":"","overlay-color":"","overlay-opacity":"","overlay-gradient":""},"tablet":{"background-color":"","background-image":"","background-repeat":"repeat","background-position":"center center","background-size":"auto","background-attachment":"scroll","background-type":"","background-media":"","overlay-type":"","overlay-color":"","overlay-opacity":"","overlay-gradient":""},"mobile":{"background-color":"","background-image":"","background-repeat":"repeat","background-position":"center center","background-size":"auto","background-attachment":"scroll","background-type":"","background-media":"","overlay-type":"","overlay-color":"","overlay-opacity":"","overlay-gradient":""}},"ast-content-background-meta":{"desktop":{"background-color":"var(--ast-global-color-5)","background-image":"","background-repeat":"repeat","background-position":"center center","background-size":"auto","background-attachment":"scroll","background-type":"","background-media":"","overlay-type":"","overlay-color":"","overlay-opacity":"","overlay-gradient":""},"tablet":{"background-color":"var(--ast-global-color-5)","background-image":"","background-repeat":"repeat","background-position":"center center","background-size":"auto","background-attachment":"scroll","background-type":"","background-media":"","overlay-type":"","overlay-color":"","overlay-opacity":"","overlay-gradient":""},"mobile":{"background-color":"var(--ast-global-color-5)","background-image":"","background-repeat":"repeat","background-position":"center center","background-size":"auto","background-attachment":"scroll","background-type":"","background-media":"","overlay-type":"","overlay-color":"","overlay-opacity":"","overlay-gradient":""}},"_joinchat":[],"footnotes":""},"categories":[22,20,18,1,23],"tags":[],"class_list":["post-1797","post","type-post","status-publish","format-standard","hentry","category-comprador","category-fiscalidad","category-inmobiliario","category-sin-categoria","category-vendedor"],"yoast_head":"<!-- This site is optimized with the Yoast SEO plugin v27.5 - https:\/\/yoast.com\/product\/yoast-seo-wordpress\/ -->\n<title>Todo lo que debes saber sobre c\u00f3mo tributa la vivienda en el IRPF - Gfima<\/title>\n<meta name=\"robots\" content=\"index, follow, max-snippet:-1, max-image-preview:large, max-video-preview:-1\" \/>\n<link rel=\"canonical\" href=\"https:\/\/www.gfima.es\/?p=1797\" \/>\n<meta property=\"og:locale\" content=\"es_ES\" \/>\n<meta property=\"og:type\" content=\"article\" \/>\n<meta property=\"og:title\" content=\"Todo lo que debes saber sobre c\u00f3mo tributa la vivienda en el IRPF - Gfima\" \/>\n<meta property=\"og:description\" content=\"La tributaci\u00f3n de la vivienda en el IRPF depende del tipo de uso que hagamos de ella: toma nota de c\u00f3mo declararla en cada caso. Uno de los temas m\u00e1s relevantes y a menudo confusos es la&nbsp;tributaci\u00f3n de la vivienda. Entender c\u00f3mo se aplica la fiscalidad a los inmuebles resulta crucial. Sin embargo, no existe [&hellip;]\" \/>\n<meta property=\"og:url\" content=\"https:\/\/www.gfima.es\/?p=1797\" \/>\n<meta property=\"og:site_name\" content=\"Gfima\" \/>\n<meta property=\"article:publisher\" content=\"https:\/\/www.facebook.com\/GfimaInmobiliaria\" \/>\n<meta property=\"article:published_time\" content=\"2024-08-03T10:19:05+00:00\" \/>\n<meta property=\"article:modified_time\" content=\"2025-02-21T11:47:28+00:00\" \/>\n<meta name=\"author\" content=\"gfima\" \/>\n<meta name=\"twitter:card\" content=\"summary_large_image\" \/>\n<meta name=\"twitter:creator\" content=\"@teamhost\" \/>\n<meta name=\"twitter:label1\" content=\"Escrito por\" \/>\n\t<meta name=\"twitter:data1\" content=\"gfima\" \/>\n\t<meta name=\"twitter:label2\" content=\"Tiempo de lectura\" \/>\n\t<meta name=\"twitter:data2\" content=\"10 minutos\" \/>\n<script type=\"application\/ld+json\" class=\"yoast-schema-graph\">{\"@context\":\"https:\\\/\\\/schema.org\",\"@graph\":[{\"@type\":\"Article\",\"@id\":\"https:\\\/\\\/www.gfima.es\\\/?p=1797#article\",\"isPartOf\":{\"@id\":\"https:\\\/\\\/www.gfima.es\\\/?p=1797\"},\"author\":{\"name\":\"gfima\",\"@id\":\"https:\\\/\\\/www.gfima.es\\\/#\\\/schema\\\/person\\\/bed7acc555b4b94c632313b65701788b\"},\"headline\":\"Todo lo que debes saber sobre c\u00f3mo tributa la vivienda en el IRPF\",\"datePublished\":\"2024-08-03T10:19:05+00:00\",\"dateModified\":\"2025-02-21T11:47:28+00:00\",\"mainEntityOfPage\":{\"@id\":\"https:\\\/\\\/www.gfima.es\\\/?p=1797\"},\"wordCount\":2092,\"publisher\":{\"@id\":\"https:\\\/\\\/www.gfima.es\\\/#organization\"},\"articleSection\":{\"0\":\"Comprador\",\"1\":\"Fiscalidad\",\"2\":\"Inmobiliario\",\"4\":\"Vendedor\"},\"inLanguage\":\"es\"},{\"@type\":\"WebPage\",\"@id\":\"https:\\\/\\\/www.gfima.es\\\/?p=1797\",\"url\":\"https:\\\/\\\/www.gfima.es\\\/?p=1797\",\"name\":\"Todo lo que debes saber sobre c\u00f3mo tributa la vivienda en el IRPF - Gfima\",\"isPartOf\":{\"@id\":\"https:\\\/\\\/www.gfima.es\\\/#website\"},\"datePublished\":\"2024-08-03T10:19:05+00:00\",\"dateModified\":\"2025-02-21T11:47:28+00:00\",\"breadcrumb\":{\"@id\":\"https:\\\/\\\/www.gfima.es\\\/?p=1797#breadcrumb\"},\"inLanguage\":\"es\",\"potentialAction\":[{\"@type\":\"ReadAction\",\"target\":[\"https:\\\/\\\/www.gfima.es\\\/?p=1797\"]}]},{\"@type\":\"BreadcrumbList\",\"@id\":\"https:\\\/\\\/www.gfima.es\\\/?p=1797#breadcrumb\",\"itemListElement\":[{\"@type\":\"ListItem\",\"position\":1,\"name\":\"Portada\",\"item\":\"https:\\\/\\\/www.gfima.es\\\/\"},{\"@type\":\"ListItem\",\"position\":2,\"name\":\"Todo lo que debes saber sobre c\u00f3mo tributa la vivienda en el IRPF\"}]},{\"@type\":\"WebSite\",\"@id\":\"https:\\\/\\\/www.gfima.es\\\/#website\",\"url\":\"https:\\\/\\\/www.gfima.es\\\/\",\"name\":\"Gfima\",\"description\":\"Agencia inmobiliaria\",\"publisher\":{\"@id\":\"https:\\\/\\\/www.gfima.es\\\/#organization\"},\"potentialAction\":[{\"@type\":\"SearchAction\",\"target\":{\"@type\":\"EntryPoint\",\"urlTemplate\":\"https:\\\/\\\/www.gfima.es\\\/?s={search_term_string}\"},\"query-input\":{\"@type\":\"PropertyValueSpecification\",\"valueRequired\":true,\"valueName\":\"search_term_string\"}}],\"inLanguage\":\"es\"},{\"@type\":\"Organization\",\"@id\":\"https:\\\/\\\/www.gfima.es\\\/#organization\",\"name\":\"Gfima inmobiliaria\",\"url\":\"https:\\\/\\\/www.gfima.es\\\/\",\"logo\":{\"@type\":\"ImageObject\",\"inLanguage\":\"es\",\"@id\":\"https:\\\/\\\/www.gfima.es\\\/#\\\/schema\\\/logo\\\/image\\\/\",\"url\":\"https:\\\/\\\/www.gfima.es\\\/wp-content\\\/uploads\\\/2023\\\/04\\\/LogoGfima.png\",\"contentUrl\":\"https:\\\/\\\/www.gfima.es\\\/wp-content\\\/uploads\\\/2023\\\/04\\\/LogoGfima.png\",\"width\":1630,\"height\":925,\"caption\":\"Gfima inmobiliaria\"},\"image\":{\"@id\":\"https:\\\/\\\/www.gfima.es\\\/#\\\/schema\\\/logo\\\/image\\\/\"},\"sameAs\":[\"https:\\\/\\\/www.facebook.com\\\/GfimaInmobiliaria\",\"https:\\\/\\\/www.instagram.com\\\/gfima_inmobiliaria\"]},{\"@type\":\"Person\",\"@id\":\"https:\\\/\\\/www.gfima.es\\\/#\\\/schema\\\/person\\\/bed7acc555b4b94c632313b65701788b\",\"name\":\"gfima\",\"image\":{\"@type\":\"ImageObject\",\"inLanguage\":\"es\",\"@id\":\"https:\\\/\\\/secure.gravatar.com\\\/avatar\\\/6ca37e63e5d1de57514ad0d3c170b2985e0db68fefd27e54d92deccc468070d8?s=96&d=mm&r=g\",\"url\":\"https:\\\/\\\/secure.gravatar.com\\\/avatar\\\/6ca37e63e5d1de57514ad0d3c170b2985e0db68fefd27e54d92deccc468070d8?s=96&d=mm&r=g\",\"contentUrl\":\"https:\\\/\\\/secure.gravatar.com\\\/avatar\\\/6ca37e63e5d1de57514ad0d3c170b2985e0db68fefd27e54d92deccc468070d8?s=96&d=mm&r=g\",\"caption\":\"gfima\"},\"sameAs\":[\"https:\\\/\\\/x.com\\\/teamhost\"],\"url\":\"https:\\\/\\\/www.gfima.es\\\/?author=3\"}]}<\/script>\n<!-- \/ Yoast SEO plugin. -->","yoast_head_json":{"title":"Todo lo que debes saber sobre c\u00f3mo tributa la vivienda en el IRPF - Gfima","robots":{"index":"index","follow":"follow","max-snippet":"max-snippet:-1","max-image-preview":"max-image-preview:large","max-video-preview":"max-video-preview:-1"},"canonical":"https:\/\/www.gfima.es\/?p=1797","og_locale":"es_ES","og_type":"article","og_title":"Todo lo que debes saber sobre c\u00f3mo tributa la vivienda en el IRPF - Gfima","og_description":"La tributaci\u00f3n de la vivienda en el IRPF depende del tipo de uso que hagamos de ella: toma nota de c\u00f3mo declararla en cada caso. Uno de los temas m\u00e1s relevantes y a menudo confusos es la&nbsp;tributaci\u00f3n de la vivienda. Entender c\u00f3mo se aplica la fiscalidad a los inmuebles resulta crucial. Sin embargo, no existe [&hellip;]","og_url":"https:\/\/www.gfima.es\/?p=1797","og_site_name":"Gfima","article_publisher":"https:\/\/www.facebook.com\/GfimaInmobiliaria","article_published_time":"2024-08-03T10:19:05+00:00","article_modified_time":"2025-02-21T11:47:28+00:00","author":"gfima","twitter_card":"summary_large_image","twitter_creator":"@teamhost","twitter_misc":{"Escrito por":"gfima","Tiempo de lectura":"10 minutos"},"schema":{"@context":"https:\/\/schema.org","@graph":[{"@type":"Article","@id":"https:\/\/www.gfima.es\/?p=1797#article","isPartOf":{"@id":"https:\/\/www.gfima.es\/?p=1797"},"author":{"name":"gfima","@id":"https:\/\/www.gfima.es\/#\/schema\/person\/bed7acc555b4b94c632313b65701788b"},"headline":"Todo lo que debes saber sobre c\u00f3mo tributa la vivienda en el IRPF","datePublished":"2024-08-03T10:19:05+00:00","dateModified":"2025-02-21T11:47:28+00:00","mainEntityOfPage":{"@id":"https:\/\/www.gfima.es\/?p=1797"},"wordCount":2092,"publisher":{"@id":"https:\/\/www.gfima.es\/#organization"},"articleSection":{"0":"Comprador","1":"Fiscalidad","2":"Inmobiliario","4":"Vendedor"},"inLanguage":"es"},{"@type":"WebPage","@id":"https:\/\/www.gfima.es\/?p=1797","url":"https:\/\/www.gfima.es\/?p=1797","name":"Todo lo que debes saber sobre c\u00f3mo tributa la vivienda en el IRPF - Gfima","isPartOf":{"@id":"https:\/\/www.gfima.es\/#website"},"datePublished":"2024-08-03T10:19:05+00:00","dateModified":"2025-02-21T11:47:28+00:00","breadcrumb":{"@id":"https:\/\/www.gfima.es\/?p=1797#breadcrumb"},"inLanguage":"es","potentialAction":[{"@type":"ReadAction","target":["https:\/\/www.gfima.es\/?p=1797"]}]},{"@type":"BreadcrumbList","@id":"https:\/\/www.gfima.es\/?p=1797#breadcrumb","itemListElement":[{"@type":"ListItem","position":1,"name":"Portada","item":"https:\/\/www.gfima.es\/"},{"@type":"ListItem","position":2,"name":"Todo lo que debes saber sobre c\u00f3mo tributa la vivienda en el IRPF"}]},{"@type":"WebSite","@id":"https:\/\/www.gfima.es\/#website","url":"https:\/\/www.gfima.es\/","name":"Gfima","description":"Agencia inmobiliaria","publisher":{"@id":"https:\/\/www.gfima.es\/#organization"},"potentialAction":[{"@type":"SearchAction","target":{"@type":"EntryPoint","urlTemplate":"https:\/\/www.gfima.es\/?s={search_term_string}"},"query-input":{"@type":"PropertyValueSpecification","valueRequired":true,"valueName":"search_term_string"}}],"inLanguage":"es"},{"@type":"Organization","@id":"https:\/\/www.gfima.es\/#organization","name":"Gfima inmobiliaria","url":"https:\/\/www.gfima.es\/","logo":{"@type":"ImageObject","inLanguage":"es","@id":"https:\/\/www.gfima.es\/#\/schema\/logo\/image\/","url":"https:\/\/www.gfima.es\/wp-content\/uploads\/2023\/04\/LogoGfima.png","contentUrl":"https:\/\/www.gfima.es\/wp-content\/uploads\/2023\/04\/LogoGfima.png","width":1630,"height":925,"caption":"Gfima inmobiliaria"},"image":{"@id":"https:\/\/www.gfima.es\/#\/schema\/logo\/image\/"},"sameAs":["https:\/\/www.facebook.com\/GfimaInmobiliaria","https:\/\/www.instagram.com\/gfima_inmobiliaria"]},{"@type":"Person","@id":"https:\/\/www.gfima.es\/#\/schema\/person\/bed7acc555b4b94c632313b65701788b","name":"gfima","image":{"@type":"ImageObject","inLanguage":"es","@id":"https:\/\/secure.gravatar.com\/avatar\/6ca37e63e5d1de57514ad0d3c170b2985e0db68fefd27e54d92deccc468070d8?s=96&d=mm&r=g","url":"https:\/\/secure.gravatar.com\/avatar\/6ca37e63e5d1de57514ad0d3c170b2985e0db68fefd27e54d92deccc468070d8?s=96&d=mm&r=g","contentUrl":"https:\/\/secure.gravatar.com\/avatar\/6ca37e63e5d1de57514ad0d3c170b2985e0db68fefd27e54d92deccc468070d8?s=96&d=mm&r=g","caption":"gfima"},"sameAs":["https:\/\/x.com\/teamhost"],"url":"https:\/\/www.gfima.es\/?author=3"}]}},"_links":{"self":[{"href":"https:\/\/www.gfima.es\/index.php?rest_route=\/wp\/v2\/posts\/1797","targetHints":{"allow":["GET"]}}],"collection":[{"href":"https:\/\/www.gfima.es\/index.php?rest_route=\/wp\/v2\/posts"}],"about":[{"href":"https:\/\/www.gfima.es\/index.php?rest_route=\/wp\/v2\/types\/post"}],"author":[{"embeddable":true,"href":"https:\/\/www.gfima.es\/index.php?rest_route=\/wp\/v2\/users\/3"}],"replies":[{"embeddable":true,"href":"https:\/\/www.gfima.es\/index.php?rest_route=%2Fwp%2Fv2%2Fcomments&post=1797"}],"version-history":[{"count":1,"href":"https:\/\/www.gfima.es\/index.php?rest_route=\/wp\/v2\/posts\/1797\/revisions"}],"predecessor-version":[{"id":1800,"href":"https:\/\/www.gfima.es\/index.php?rest_route=\/wp\/v2\/posts\/1797\/revisions\/1800"}],"wp:attachment":[{"href":"https:\/\/www.gfima.es\/index.php?rest_route=%2Fwp%2Fv2%2Fmedia&parent=1797"}],"wp:term":[{"taxonomy":"category","embeddable":true,"href":"https:\/\/www.gfima.es\/index.php?rest_route=%2Fwp%2Fv2%2Fcategories&post=1797"},{"taxonomy":"post_tag","embeddable":true,"href":"https:\/\/www.gfima.es\/index.php?rest_route=%2Fwp%2Fv2%2Ftags&post=1797"}],"curies":[{"name":"wp","href":"https:\/\/api.w.org\/{rel}","templated":true}]}}